{"id":11202,"date":"2021-05-26T00:28:37","date_gmt":"2021-05-26T00:28:37","guid":{"rendered":"https:\/\/pedrovelho.rn.gov.br\/transparente\/index\/?p=11202"},"modified":"2021-05-26T00:28:37","modified_gmt":"2021-05-26T00:28:37","slug":"matriz-de-sao-francisco-de-assis","status":"publish","type":"post","link":"https:\/\/pedrovelho.rn.gov.br\/transparente\/index\/matriz-de-sao-francisco-de-assis\/","title":{"rendered":"Matriz de S\u00e3o Francisco de Assis"},"content":{"rendered":"<p>A matriz encanta pela exuber\u00e2ncia, beleza e pela singular mistura de detalhes, uma estrutura bastante ecl\u00e9tica que remete a tra\u00e7os da arquitetura rom\u00e2nica, barroca, g\u00f3tica e colonial. A igreja data de 1922, desmembrada da par\u00f3quia de N. Sr.a da Concei\u00e7\u00e3o, em Penha, atual Canguaretama, sob a prote\u00e7\u00e3o de seu padroeiro S\u00e3o F.co de Assis. Na sua constru\u00e7\u00e3o, muitos foram seus percal\u00e7os e falta de recursos, fazendo, inclusive, que ela tivesse apenas uma torre.<\/p>\n<p><img loading=\"lazy\" decoding=\"async\" class=\"aligncenter size-full wp-image-11203\" src=\"https:\/\/pedrovelho.rn.gov.br\/transparente\/index\/wp-content\/uploads\/2021\/05\/nuwhwJGBduuYOPK5oTDn9KzevwmhIBmGC18asmeO.jpeg\" alt=\"\" width=\"800\" height=\"500\" srcset=\"https:\/\/pedrovelho.rn.gov.br\/transparente\/index\/wp-content\/uploads\/2021\/05\/nuwhwJGBduuYOPK5oTDn9KzevwmhIBmGC18asmeO.jpeg 800w, https:\/\/pedrovelho.rn.gov.br\/transparente\/index\/wp-content\/uploads\/2021\/05\/nuwhwJGBduuYOPK5oTDn9KzevwmhIBmGC18asmeO-300x188.jpeg 300w, https:\/\/pedrovelho.rn.gov.br\/transparente\/index\/wp-content\/uploads\/2021\/05\/nuwhwJGBduuYOPK5oTDn9KzevwmhIBmGC18asmeO-768x480.jpeg 768w, https:\/\/pedrovelho.rn.gov.br\/transparente\/index\/wp-content\/uploads\/2021\/05\/nuwhwJGBduuYOPK5oTDn9KzevwmhIBmGC18asmeO-400x250.jpeg 400w\" sizes=\"(max-width: 800px) 100vw, 800px\" \/><\/p>\n<p><em>Fonte: https:\/\/www.easytourbrasil.com.br<\/em><\/p>\n<div class=\"pdfprnt-buttons pdfprnt-buttons-post pdfprnt-bottom-right\"><a href=\"https:\/\/pedrovelho.rn.gov.br\/transparente\/index\/wp-json\/wp\/v2\/posts\/11202?print=pdf\" class=\"pdfprnt-button pdfprnt-button-pdf\" target=\"_blank\"><img decoding=\"async\" src=\"https:\/\/pedrovelho.rn.gov.br\/transparente\/index\/wp-content\/plugins\/pdf-print\/images\/pdf.png\" alt=\"image_pdf\" title=\"Ver PDF\" \/><\/a><a href=\"https:\/\/pedrovelho.rn.gov.br\/transparente\/index\/wp-json\/wp\/v2\/posts\/11202?print=print\" class=\"pdfprnt-button pdfprnt-button-print\" target=\"_blank\"><img decoding=\"async\" src=\"https:\/\/pedrovelho.rn.gov.br\/transparente\/index\/wp-content\/plugins\/pdf-print\/images\/print.png\" alt=\"image_print\" title=\"Conte\u00fado de impress\u00e3o\" \/><\/a><\/div><div style=\"margin: 20px 0;\"><div class=\"qrcswholewtapper\" style=\"text-align:left;\"><div class=\"qrcprowrapper\"  id=\"qrcwraa2leds\"><div class=\"qrc_canvass\" id=\"qrc_cuttenpages_2\" style=\"display:inline-block\" data-text=\"https:\/\/pedrovelho.rn.gov.br\/transparente\/index\/matriz-de-sao-francisco-de-assis\/\"><\/div><\/div><\/div><\/div>","protected":false},"excerpt":{"rendered":"<p>A matriz encanta pela exuber\u00e2ncia, beleza e pela singular mistura de detalhes, uma estrutura bastante ecl\u00e9tica que remete a tra\u00e7os da arquitetura rom\u00e2nica, barroca, g\u00f3tica e colonial. A igreja data de 1922, desmembrada da par\u00f3quia de N. Sr.a da Concei\u00e7\u00e3o, em Penha, atual Canguaretama, sob a prote\u00e7\u00e3o de seu padroeiro S\u00e3o F.co de Assis. Na [&hellip;]<\/p>\n","protected":false},"author":1,"featured_media":0,"comment_status":"closed","ping_status":"closed","sticky":false,"template":"","format":"standard","meta":{"_et_pb_use_builder":"","_et_pb_old_content":"","_et_gb_content_width":"","footnotes":""},"categories":[97],"tags":[],"class_list":["post-11202","post","type-post","status-publish","format-standard","hentry","category-tipo-de-turismo"],"_links":{"self":[{"href":"https:\/\/pedrovelho.rn.gov.br\/transparente\/index\/wp-json\/wp\/v2\/posts\/11202","targetHints":{"allow":["GET"]}}],"collection":[{"href":"https:\/\/pedrovelho.rn.gov.br\/transparente\/index\/wp-json\/wp\/v2\/posts"}],"about":[{"href":"https:\/\/pedrovelho.rn.gov.br\/transparente\/index\/wp-json\/wp\/v2\/types\/post"}],"author":[{"embeddable":true,"href":"https:\/\/pedrovelho.rn.gov.br\/transparente\/index\/wp-json\/wp\/v2\/users\/1"}],"replies":[{"embeddable":true,"href":"https:\/\/pedrovelho.rn.gov.br\/transparente\/index\/wp-json\/wp\/v2\/comments?post=11202"}],"version-history":[{"count":1,"href":"https:\/\/pedrovelho.rn.gov.br\/transparente\/index\/wp-json\/wp\/v2\/posts\/11202\/revisions"}],"predecessor-version":[{"id":11204,"href":"https:\/\/pedrovelho.rn.gov.br\/transparente\/index\/wp-json\/wp\/v2\/posts\/11202\/revisions\/11204"}],"wp:attachment":[{"href":"https:\/\/pedrovelho.rn.gov.br\/transparente\/index\/wp-json\/wp\/v2\/media?parent=11202"}],"wp:term":[{"taxonomy":"category","embeddable":true,"href":"https:\/\/pedrovelho.rn.gov.br\/transparente\/index\/wp-json\/wp\/v2\/categories?post=11202"},{"taxonomy":"post_tag","embeddable":true,"href":"https:\/\/pedrovelho.rn.gov.br\/transparente\/index\/wp-json\/wp\/v2\/tags?post=11202"}],"curies":[{"name":"wp","href":"https:\/\/api.w.org\/{rel}","templated":true}]}}