{"id":12057,"date":"2019-04-24T19:51:07","date_gmt":"2019-04-24T19:51:07","guid":{"rendered":"https:\/\/pedrovelho.rn.gov.br\/transparente\/index\/?p=12057"},"modified":"2021-07-21T19:54:24","modified_gmt":"2021-07-21T19:54:24","slug":"republicado-por-incorrecao-ata-de-tomada-de-precos-tp-no-01-2019-secao-de-declaracao-de-licitante-vencedor","status":"publish","type":"post","link":"https:\/\/pedrovelho.rn.gov.br\/transparente\/index\/republicado-por-incorrecao-ata-de-tomada-de-precos-tp-no-01-2019-secao-de-declaracao-de-licitante-vencedor\/","title":{"rendered":"REPUBLICADO POR INCORRE\u00c7\u00c3O &#8211; ATA DE TOMADA DE PRE\u00c7OS TP N\u00ba 01\/2019 SE\u00c7\u00c3O DE DECLARA\u00c7\u00c3O DE LICITANTE VENCEDOR"},"content":{"rendered":"<div id=\"separador\" class=\"cabecalhoEstadoSeparador cabecalhoEstadoSeparador1\">\n<p style=\"text-align: center;\"><strong>ESTADO DO RIO GRANDE DO NORTE<\/strong><br \/>\n<strong>PREFEITURA MUNICIPAL DE PEDRO VELHO<\/strong><br \/>\n<strong>COMISS\u00c3O PERMANENTE DE LICITA\u00c7\u00d5ES<\/strong><\/p>\n<hr \/>\n<p>REPUBLICADO POR INCORRE\u00c7\u00c3O ATA DE TOMADA DE PRE\u00c7OS TP N\u00ba 01\/2019 SE\u00c7\u00c3O DE DECLARA\u00c7\u00c3O DE LICITANTE VENCEDOR<\/p>\n<div class=\"mat\"><\/div>\n<p>\u00c0s\u00a0<b>09:00<\/b>\u00a0do dia\u00a0<b>24 de abril de 2019<\/b>, na Sala de Licita\u00e7\u00e3o da Prefeitura Municipal de Pedro Velho, situada na Rua Jo\u00e3o Pessoa, 181 &#8211; Centro &#8211; Pedro Velho\/RN, realizou-se a sess\u00e3o p\u00fablica para declarar vencedor do presente certame, TP n\u00ba 0<b>1\/2019<\/b>, a empresa CONTE ASSESSORIA CONTABIL E ADMINISTRATIVO cujo objeto \u00e9 CONTRATA\u00c7\u00c3O DE PESSOA JUR\u00cdDICA VISANDO A EXECU\u00c7\u00c3O DOS SEVI\u00c7OS DE ASSESSORIA E CONSULTORIA CONT\u00c1BIL, FISCAL, PLANEJAMENTO E JUSTIFICATIVAS T\u00c9CNICO CONT\u00c1BIL PARA ATENDER A LRF, TCE E DEMAIS \u00d3RG\u00c3OS CONTROLADORES NO \u00c2MBITO DA ADMINSTRA\u00c7\u00c3O P\u00daBLICA DO MUNIC\u00cdPIO PEDRO VELHO\/RN por ter apresentado a melhor proposta, no valor anual de\u00a0<b>R$ 132.000,00 (cento e trinta e dois mil reais)<\/b>\u00a0a qual ser\u00e1 publicada em di\u00e1rio oficial FEMURN. A presidente declarou encerrados os trabalhos, lavrando-se o presente Ata que vai assinada pelos presentes.<\/p>\n<p>&nbsp;<\/p>\n<p>&nbsp;<\/p>\n<p><b><i>ANA C\u00c9LIA FELIPE DE OLIVEIRA<\/i><\/b><\/p>\n<p><b><i><\/i><\/b><\/p>\n<p>Presidente<\/p>\n<p>&nbsp;<\/p>\n<table class=\"mat\" border=\"1\" cellspacing=\"0\" cellpadding=\"0\" align=\"left\">\n<tbody>\n<tr>\n<td width=\"345\"><b><i>Amanda Cardoso de Lima<\/i><\/b><\/td>\n<td width=\"345\"><b><i>Marlybeth Da Silva Oliveira<\/i><\/b><\/td>\n<\/tr>\n<tr>\n<td width=\"345\">Membro<\/td>\n<td width=\"345\">Membro<\/td>\n<\/tr>\n<\/tbody>\n<\/table>\n<div align=\"right\"><\/div>\n<\/div>\n<div class=\"pdfprnt-buttons pdfprnt-buttons-post pdfprnt-bottom-right\"><a href=\"https:\/\/pedrovelho.rn.gov.br\/transparente\/index\/wp-json\/wp\/v2\/posts\/12057?print=pdf\" class=\"pdfprnt-button pdfprnt-button-pdf\" target=\"_blank\"><img decoding=\"async\" src=\"https:\/\/pedrovelho.rn.gov.br\/transparente\/index\/wp-content\/plugins\/pdf-print\/images\/pdf.png\" alt=\"image_pdf\" title=\"Ver PDF\" \/><\/a><a href=\"https:\/\/pedrovelho.rn.gov.br\/transparente\/index\/wp-json\/wp\/v2\/posts\/12057?print=print\" class=\"pdfprnt-button pdfprnt-button-print\" target=\"_blank\"><img decoding=\"async\" src=\"https:\/\/pedrovelho.rn.gov.br\/transparente\/index\/wp-content\/plugins\/pdf-print\/images\/print.png\" alt=\"image_print\" title=\"Conte\u00fado de impress\u00e3o\" \/><\/a><\/div><div style=\"margin: 20px 0;\"><div class=\"qrcswholewtapper\" style=\"text-align:left;\"><div class=\"qrcprowrapper\"  id=\"qrcwraa2leds\"><div class=\"qrc_canvass\" id=\"qrc_cuttenpages_2\" style=\"display:inline-block\" data-text=\"https:\/\/pedrovelho.rn.gov.br\/transparente\/index\/republicado-por-incorrecao-ata-de-tomada-de-precos-tp-no-01-2019-secao-de-declaracao-de-licitante-vencedor\/\"><\/div><\/div><\/div><\/div>","protected":false},"excerpt":{"rendered":"<p>ESTADO DO RIO GRANDE DO NORTE PREFEITURA MUNICIPAL DE PEDRO VELHO COMISS\u00c3O PERMANENTE DE LICITA\u00c7\u00d5ES REPUBLICADO POR INCORRE\u00c7\u00c3O ATA DE TOMADA DE PRE\u00c7OS TP N\u00ba 01\/2019 SE\u00c7\u00c3O DE DECLARA\u00c7\u00c3O DE LICITANTE VENCEDOR \u00c0s\u00a009:00\u00a0do dia\u00a024 de abril de 2019, na Sala de Licita\u00e7\u00e3o da Prefeitura Municipal de Pedro Velho, situada na Rua Jo\u00e3o Pessoa, 181 &#8211; [&hellip;]<\/p>\n","protected":false},"author":1,"featured_media":0,"comment_status":"closed","ping_status":"closed","sticky":false,"template":"","format":"standard","meta":{"_et_pb_use_builder":"","_et_pb_old_content":"","_et_gb_content_width":"","footnotes":""},"categories":[154,65,125],"tags":[],"class_list":["post-12057","post","type-post","status-publish","format-standard","hentry","category-atas-licitacao","category-licitacao","category-tomada-de-preco"],"_links":{"self":[{"href":"https:\/\/pedrovelho.rn.gov.br\/transparente\/index\/wp-json\/wp\/v2\/posts\/12057","targetHints":{"allow":["GET"]}}],"collection":[{"href":"https:\/\/pedrovelho.rn.gov.br\/transparente\/index\/wp-json\/wp\/v2\/posts"}],"about":[{"href":"https:\/\/pedrovelho.rn.gov.br\/transparente\/index\/wp-json\/wp\/v2\/types\/post"}],"author":[{"embeddable":true,"href":"https:\/\/pedrovelho.rn.gov.br\/transparente\/index\/wp-json\/wp\/v2\/users\/1"}],"replies":[{"embeddable":true,"href":"https:\/\/pedrovelho.rn.gov.br\/transparente\/index\/wp-json\/wp\/v2\/comments?post=12057"}],"version-history":[{"count":1,"href":"https:\/\/pedrovelho.rn.gov.br\/transparente\/index\/wp-json\/wp\/v2\/posts\/12057\/revisions"}],"predecessor-version":[{"id":12060,"href":"https:\/\/pedrovelho.rn.gov.br\/transparente\/index\/wp-json\/wp\/v2\/posts\/12057\/revisions\/12060"}],"wp:attachment":[{"href":"https:\/\/pedrovelho.rn.gov.br\/transparente\/index\/wp-json\/wp\/v2\/media?parent=12057"}],"wp:term":[{"taxonomy":"category","embeddable":true,"href":"https:\/\/pedrovelho.rn.gov.br\/transparente\/index\/wp-json\/wp\/v2\/categories?post=12057"},{"taxonomy":"post_tag","embeddable":true,"href":"https:\/\/pedrovelho.rn.gov.br\/transparente\/index\/wp-json\/wp\/v2\/tags?post=12057"}],"curies":[{"name":"wp","href":"https:\/\/api.w.org\/{rel}","templated":true}]}}