{"id":12915,"date":"2021-07-28T19:49:31","date_gmt":"2021-07-28T19:49:31","guid":{"rendered":"https:\/\/pedrovelho.rn.gov.br\/transparente\/index\/?p=12915"},"modified":"2021-07-28T19:49:31","modified_gmt":"2021-07-28T19:49:31","slug":"empenho-fevereiro-2021-cecilio-machado-silva-filho-sociedade-individual-de-advocacia","status":"publish","type":"post","link":"https:\/\/pedrovelho.rn.gov.br\/transparente\/index\/empenho-fevereiro-2021-cecilio-machado-silva-filho-sociedade-individual-de-advocacia\/","title":{"rendered":"Empenho Fevereiro 2021 &#8211; CECILIO MACHADO SILVA FILHO SOCIEDADE INDIVIDUAL DE ADVOCACIA"},"content":{"rendered":"<table width=\"100%\">\n<tbody>\n<tr>\n<td width=\"85%\"><strong>Total Pago em Fevereiro de 2021<\/strong><\/td>\n<td width=\"2%\">R$<\/td>\n<td width=\"11%\"><strong>2.918.766,91<\/strong><\/td>\n<\/tr>\n<tr>\n<td width=\"85%\">Favorecido:\u00a0<strong>36.965.108\/0001-66 &#8211; CECILIO MACHADO SILVA FILHO SOCIEDADE INDIVIDUAL DE ADVOCACIA<\/strong><\/td>\n<td width=\"2%\">R$<\/td>\n<td width=\"11%\"><strong>4.200,00<\/strong><\/td>\n<\/tr>\n<tr>\n<td width=\"85%\">Despesa:\u00a0<strong>OUTROS SERVI\u00c7OS DE TERCEIROS &#8211; PESSOA JUR\u00cdDICA<\/strong><\/td>\n<td width=\"2%\">R$<\/td>\n<td width=\"11%\"><strong>4.200,00<\/strong><\/td>\n<\/tr>\n<tr>\n<td width=\"85%\">Unidade Gestora:\u00a0<strong>05 &#8211; SECRETARIA MUNICIPAL DE TRABALHO E A\u00c7\u00c3O SOCIAL<\/strong><\/td>\n<td width=\"2%\">R$<\/td>\n<td width=\"11%\"><strong>4.200,00<\/strong><\/td>\n<\/tr>\n<tr>\n<td width=\"85%\">Gest\u00e3o:\u00a0<strong>002 &#8211; FUNDO MUNICIPAL DE ASSIST\u00caNCIA SOCIAL<\/strong><\/td>\n<td width=\"2%\">R$<\/td>\n<td width=\"11%\"><strong>4.200,00<\/strong><\/td>\n<\/tr>\n<\/tbody>\n<\/table>\n<p>&nbsp;<\/p>\n<p><strong>Informa\u00e7\u00f5es Gerais<\/strong><\/p>\n<table width=\"100%\">\n<tbody>\n<tr>\n<td width=\"20%\"><strong>Fase:<\/strong><\/td>\n<td width=\"20%\"><strong>PAGAMENTO<\/strong><\/td>\n<td width=\"31%\">&nbsp;<\/td>\n<td width=\"27%\">&nbsp;<\/td>\n<\/tr>\n<tr>\n<td width=\"20%\"><strong>Documento:<\/strong><\/td>\n<td width=\"20%\"><strong>2021NP00036<\/strong><\/td>\n<td width=\"31%\"><strong>Forma de Pagamento:<\/strong><\/td>\n<td width=\"27%\">Ordem de Pagamento<\/td>\n<\/tr>\n<tr>\n<td width=\"20%\"><strong>Data:<\/strong><\/td>\n<td width=\"20%\">24\/02\/2021<\/td>\n<td width=\"31%\">&nbsp;<\/td>\n<td width=\"27%\">&nbsp;<\/td>\n<\/tr>\n<tr>\n<td width=\"20%\"><strong>Unidade Gestora:<\/strong><\/td>\n<td colspan=\"3\" width=\"79%\">05\u00a0\u00a0&#8211;\u00a0\u00a0SECRETARIA MUNICIPAL DE TRABALHO E A\u00c7\u00c3O SOCIAL<\/td>\n<\/tr>\n<tr>\n<td width=\"20%\"><strong>Gest\u00e3o:<\/strong><\/td>\n<td colspan=\"3\" width=\"79%\">002\u00a0\u00a0&#8211;\u00a0\u00a0FUNDO MUNICIPAL DE ASSIST\u00caNCIA SOCIAL<\/td>\n<\/tr>\n<tr>\n<td width=\"20%\"><strong>Favorecido:<\/strong><\/td>\n<td colspan=\"3\" width=\"79%\">36.965.108\/0001-66\u00a0\u00a0&#8211;\u00a0\u00a0CECILIO MACHADO SILVA FILHO SOCIEDADE INDIVIDUAL DE ADVOCACIA<\/td>\n<\/tr>\n<tr>\n<td width=\"20%\"><strong>Valor:<\/strong><\/td>\n<td width=\"20%\">4.200,00<\/td>\n<td width=\"31%\"><\/td>\n<td width=\"27%\"><\/td>\n<\/tr>\n<\/tbody>\n<\/table>\n<p>&nbsp;<\/p>\n<p><strong>Detalhamento<\/strong><\/p>\n<table width=\"100%\">\n<tbody>\n<tr>\n<td width=\"19%\"><strong>Observa\u00e7\u00e3o do Documento:<\/strong><\/td>\n<td colspan=\"3\" width=\"80%\"><\/td>\n<\/tr>\n<tr>\n<td width=\"19%\"><strong>Processo N\u00ba:<\/strong><\/td>\n<td width=\"65%\">811\/2021<\/td>\n<td width=\"7%\"><\/td>\n<td width=\"7%\"><\/td>\n<\/tr>\n<\/tbody>\n<\/table>\n<p>&nbsp;<\/p>\n<p><strong>Especifica\u00e7\u00e3o da Despesa<\/strong><\/p>\n<table width=\"100%\">\n<tbody>\n<tr>\n<td width=\"18%\"><strong>Documento<\/strong><\/td>\n<td width=\"61%\"><strong>Elemento de Despesa<\/strong><\/td>\n<td width=\"9%\"><strong>Estorno<\/strong><\/td>\n<td width=\"10%\"><strong>Valor<\/strong><\/td>\n<\/tr>\n<tr>\n<td width=\"18%\">2020NE1123001<\/td>\n<td width=\"61%\">OUTROS SERVI\u00c7OS DE TERCEIROS &#8211; PESSOA JUR\u00cdDICA<\/td>\n<td width=\"9%\"><\/td>\n<td width=\"10%\">4.200,00<\/td>\n<\/tr>\n<\/tbody>\n<\/table>\n<p>&nbsp;<\/p>\n<p><strong>Documentos Relacionados<\/strong><\/p>\n<table width=\"100%\">\n<tbody>\n<tr>\n<td width=\"6%\"><strong>Data<\/strong><\/td>\n<td width=\"5%\"><strong>Fase<\/strong><\/td>\n<td width=\"9%\"><strong>Documento<\/strong><\/td>\n<td width=\"31%\"><strong>Elemento de Despesa<\/strong><\/td>\n<td width=\"41%\"><strong>Favorecido<\/strong><\/td>\n<td width=\"5%\"><strong>Valor<\/strong><\/td>\n<\/tr>\n<tr>\n<td width=\"6%\">01\/12\/2020<\/td>\n<td width=\"5%\">Empenho<\/td>\n<td width=\"9%\">2020NE1123001<\/td>\n<td width=\"31%\">OUTROS SERVI\u00c7OS DE TERCEIROS &#8211; PESSOA JUR\u00cdDICA<\/td>\n<td width=\"41%\">CECILIO MACHADO SILVA FILHO SOCIEDADE INDIVIDUAL DE ADVOCACIA<\/td>\n<td width=\"5%\">4.200,00<\/td>\n<\/tr>\n<\/tbody>\n<\/table>\n<p><strong>\u00a0<\/strong><\/p>\n<div class=\"pdfprnt-buttons pdfprnt-buttons-post pdfprnt-bottom-right\"><a href=\"https:\/\/pedrovelho.rn.gov.br\/transparente\/index\/wp-json\/wp\/v2\/posts\/12915?print=pdf\" class=\"pdfprnt-button pdfprnt-button-pdf\" target=\"_blank\"><img decoding=\"async\" src=\"https:\/\/pedrovelho.rn.gov.br\/transparente\/index\/wp-content\/plugins\/pdf-print\/images\/pdf.png\" alt=\"image_pdf\" title=\"Ver PDF\" \/><\/a><a href=\"https:\/\/pedrovelho.rn.gov.br\/transparente\/index\/wp-json\/wp\/v2\/posts\/12915?print=print\" class=\"pdfprnt-button pdfprnt-button-print\" target=\"_blank\"><img decoding=\"async\" src=\"https:\/\/pedrovelho.rn.gov.br\/transparente\/index\/wp-content\/plugins\/pdf-print\/images\/print.png\" alt=\"image_print\" title=\"Conte\u00fado de impress\u00e3o\" \/><\/a><\/div><div style=\"margin: 20px 0;\"><div class=\"qrcswholewtapper\" style=\"text-align:left;\"><div class=\"qrcprowrapper\"  id=\"qrcwraa2leds\"><div class=\"qrc_canvass\" id=\"qrc_cuttenpages_2\" style=\"display:inline-block\" data-text=\"https:\/\/pedrovelho.rn.gov.br\/transparente\/index\/empenho-fevereiro-2021-cecilio-machado-silva-filho-sociedade-individual-de-advocacia\/\"><\/div><\/div><\/div><\/div>","protected":false},"excerpt":{"rendered":"<p>Total Pago em Fevereiro de 2021 R$ 2.918.766,91 Favorecido:\u00a036.965.108\/0001-66 &#8211; CECILIO MACHADO SILVA FILHO SOCIEDADE INDIVIDUAL DE ADVOCACIA R$ 4.200,00 Despesa:\u00a0OUTROS SERVI\u00c7OS DE TERCEIROS &#8211; PESSOA JUR\u00cdDICA R$ 4.200,00 Unidade Gestora:\u00a005 &#8211; SECRETARIA MUNICIPAL DE TRABALHO E A\u00c7\u00c3O SOCIAL R$ 4.200,00 Gest\u00e3o:\u00a0002 &#8211; FUNDO MUNICIPAL DE ASSIST\u00caNCIA SOCIAL R$ 4.200,00 &nbsp; Informa\u00e7\u00f5es Gerais Fase: PAGAMENTO [&hellip;]<\/p>\n","protected":false},"author":1,"featured_media":0,"comment_status":"closed","ping_status":"closed","sticky":false,"template":"","format":"standard","meta":{"_et_pb_use_builder":"","_et_pb_old_content":"","_et_gb_content_width":"","footnotes":""},"categories":[163],"tags":[],"class_list":["post-12915","post","type-post","status-publish","format-standard","hentry","category-detalhamento-da-despesa"],"_links":{"self":[{"href":"https:\/\/pedrovelho.rn.gov.br\/transparente\/index\/wp-json\/wp\/v2\/posts\/12915","targetHints":{"allow":["GET"]}}],"collection":[{"href":"https:\/\/pedrovelho.rn.gov.br\/transparente\/index\/wp-json\/wp\/v2\/posts"}],"about":[{"href":"https:\/\/pedrovelho.rn.gov.br\/transparente\/index\/wp-json\/wp\/v2\/types\/post"}],"author":[{"embeddable":true,"href":"https:\/\/pedrovelho.rn.gov.br\/transparente\/index\/wp-json\/wp\/v2\/users\/1"}],"replies":[{"embeddable":true,"href":"https:\/\/pedrovelho.rn.gov.br\/transparente\/index\/wp-json\/wp\/v2\/comments?post=12915"}],"version-history":[{"count":1,"href":"https:\/\/pedrovelho.rn.gov.br\/transparente\/index\/wp-json\/wp\/v2\/posts\/12915\/revisions"}],"predecessor-version":[{"id":12922,"href":"https:\/\/pedrovelho.rn.gov.br\/transparente\/index\/wp-json\/wp\/v2\/posts\/12915\/revisions\/12922"}],"wp:attachment":[{"href":"https:\/\/pedrovelho.rn.gov.br\/transparente\/index\/wp-json\/wp\/v2\/media?parent=12915"}],"wp:term":[{"taxonomy":"category","embeddable":true,"href":"https:\/\/pedrovelho.rn.gov.br\/transparente\/index\/wp-json\/wp\/v2\/categories?post=12915"},{"taxonomy":"post_tag","embeddable":true,"href":"https:\/\/pedrovelho.rn.gov.br\/transparente\/index\/wp-json\/wp\/v2\/tags?post=12915"}],"curies":[{"name":"wp","href":"https:\/\/api.w.org\/{rel}","templated":true}]}}