{"id":14734,"date":"2021-08-09T19:46:43","date_gmt":"2021-08-09T19:46:43","guid":{"rendered":"https:\/\/pedrovelho.rn.gov.br\/transparente\/index\/?p=14734"},"modified":"2021-08-09T19:46:43","modified_gmt":"2021-08-09T19:46:43","slug":"empenhos-emitidos-abril-2019-arlindo-barbosa-de-gouveia-neto-me","status":"publish","type":"post","link":"https:\/\/pedrovelho.rn.gov.br\/transparente\/index\/empenhos-emitidos-abril-2019-arlindo-barbosa-de-gouveia-neto-me\/","title":{"rendered":"Empenhos Emitidos \u2013 Abril 2019 &#8211; ARLINDO BARBOSA DE GOUVEIA NETO &#8211; ME"},"content":{"rendered":"<table width=\"100%\">\n<tbody>\n<tr>\n<td width=\"84%\"><strong>Total Pago em Abril de 2019<\/strong><\/td>\n<td width=\"3%\">R$<\/td>\n<td width=\"11%\"><strong>3.130.255,04<\/strong><\/td>\n<\/tr>\n<tr>\n<td width=\"84%\">Favorecido:\u00a0<strong>26.146.452\/0001-70 &#8211; ARLINDO BARBOSA DE GOUVEIA NETO &#8211; ME<\/strong><\/td>\n<td width=\"3%\">R$<\/td>\n<td width=\"11%\"><strong>1.460,00<\/strong><\/td>\n<\/tr>\n<tr>\n<td width=\"84%\">Despesa:\u00a0<strong>MATERIAL, BEM OU SERVI\u00c7O P\/ DISTRIBUI\u00c7\u00c3O GRATUITA<\/strong><\/td>\n<td width=\"3%\">R$<\/td>\n<td width=\"11%\"><strong>1.460,00<\/strong><\/td>\n<\/tr>\n<tr>\n<td width=\"84%\">Unidade Gestora:\u00a0<strong>05 &#8211; SECRETARIA MUNICIPAL DE TRABALHO E A\u00c7\u00c3O SOCIAL<\/strong><\/td>\n<td width=\"3%\">R$<\/td>\n<td width=\"11%\"><strong>1.460,00<\/strong><\/td>\n<\/tr>\n<tr>\n<td width=\"84%\">Gest\u00e3o:\u00a0<strong>001 &#8211; SECRETARIA MUNICIPAL DE TRABALHO E A\u00c7\u00c3O SOCIAL<\/strong><\/td>\n<td width=\"3%\">R$<\/td>\n<td width=\"11%\"><strong>1.460,00<\/strong><\/td>\n<\/tr>\n<\/tbody>\n<\/table>\n<p>&nbsp;<\/p>\n<p><strong>Informa\u00e7\u00f5es Gerais<\/strong><\/p>\n<p><strong>\u00a0<\/strong><\/p>\n<table width=\"100%\">\n<tbody>\n<tr>\n<td width=\"20%\"><strong>Fase:<\/strong><\/td>\n<td width=\"23%\"><strong>EMPENHO<\/strong><\/td>\n<td width=\"31%\">&nbsp;<\/td>\n<td width=\"24%\">&nbsp;<\/td>\n<\/tr>\n<tr>\n<td width=\"20%\"><strong>Documento:<\/strong><\/td>\n<td width=\"23%\"><strong>2019NE311001<\/strong><\/td>\n<td width=\"31%\"><strong>Tipo de Documento:<\/strong><\/td>\n<td width=\"24%\">Nota de Empenho<\/td>\n<\/tr>\n<tr>\n<td width=\"20%\"><strong>Data:<\/strong><\/td>\n<td width=\"23%\">11\/03\/2019<\/td>\n<td width=\"31%\">&nbsp;<\/td>\n<td width=\"24%\">&nbsp;<\/td>\n<\/tr>\n<tr>\n<td width=\"20%\"><strong>Tipo de Empenho:<\/strong><\/td>\n<td width=\"23%\">Ordin\u00e1rio<\/td>\n<td width=\"31%\"><strong>Esp\u00e9cie de Empenho:<\/strong><\/td>\n<td width=\"24%\">Original<\/td>\n<\/tr>\n<tr>\n<td width=\"20%\"><strong>Unidade Gestora:<\/strong><\/td>\n<td colspan=\"3\" width=\"79%\">05\u00a0\u00a0&#8211;\u00a0\u00a0SECRETARIA MUNICIPAL DE TRABALHO E A\u00c7\u00c3O SOCIAL<\/td>\n<\/tr>\n<tr>\n<td width=\"20%\"><strong>Gest\u00e3o:<\/strong><\/td>\n<td colspan=\"3\" width=\"79%\">001\u00a0\u00a0&#8211;\u00a0\u00a0SECRETARIA MUNICIPAL DE TRABALHO E A\u00c7\u00c3O SOCIAL<\/td>\n<\/tr>\n<tr>\n<td width=\"20%\"><strong>Favorecido:<\/strong><\/td>\n<td colspan=\"3\" width=\"79%\">26.146.452\/0001-70\u00a0\u00a0&#8211;\u00a0\u00a0ARLINDO BARBOSA DE GOUVEIA NETO &#8211; ME<\/td>\n<\/tr>\n<tr>\n<td width=\"20%\"><strong>Valor:<\/strong><\/td>\n<td width=\"23%\">540,00<\/td>\n<td width=\"31%\"><\/td>\n<td width=\"24%\"><\/td>\n<\/tr>\n<\/tbody>\n<\/table>\n<p>&nbsp;<\/p>\n<p><strong>Detalhamento<\/strong><\/p>\n<table width=\"100%\">\n<tbody>\n<tr>\n<td width=\"19%\"><strong>Observa\u00e7\u00e3o do Documento:<\/strong><\/td>\n<td colspan=\"3\" width=\"80%\">FORNECIMENTO DE ATA\u00daDES (URNAS FUNER\u00c1RIAS) COM SERVI\u00c7OS FUNER\u00c1RIOS (PREPARA\u00c7\u00c3O DO CORPO, ORNAMENTA\u00c7\u00c3O E TRASLADO)<\/td>\n<\/tr>\n<tr>\n<td width=\"19%\"><strong>Esfera:<\/strong><\/td>\n<td colspan=\"3\" width=\"80%\">Seguridade Social<\/td>\n<\/tr>\n<tr>\n<td width=\"19%\"><strong>Fonte de Recurso:<\/strong><\/td>\n<td colspan=\"3\" width=\"80%\">10010000\u00a0\u00a0&#8211;\u00a0\u00a0Recursos Ordin\u00e1rios<\/td>\n<\/tr>\n<tr>\n<td colspan=\"4\" width=\"100%\"><strong>Funcional Program\u00e1tica<\/strong><\/td>\n<\/tr>\n<tr>\n<td width=\"19%\"><strong>Fun\u00e7\u00e3o:<\/strong><\/td>\n<td colspan=\"3\" width=\"80%\">08\u00a0\u00a0&#8211;\u00a0\u00a0ASSIST\u00caNCIA SOCIAL<\/td>\n<\/tr>\n<tr>\n<td width=\"19%\"><strong>Subfun\u00e7\u00e3o:<\/strong><\/td>\n<td colspan=\"3\" width=\"80%\">244\u00a0\u00a0&#8211;\u00a0\u00a0ASSIST\u00caNCIA COMUNIT\u00c1RIA<\/td>\n<\/tr>\n<tr>\n<td width=\"19%\"><strong>Programa:<\/strong><\/td>\n<td colspan=\"3\" width=\"80%\">0018\u00a0\u00a0&#8211;\u00a0\u00a0FOTALECIMENTO DA GESTAO DA ASSIST E PROMOCAO DO CIDADAO<\/td>\n<\/tr>\n<tr>\n<td width=\"19%\"><strong>A\u00e7\u00e3o:<\/strong><\/td>\n<td colspan=\"3\" width=\"80%\">2026\u00a0\u00a0&#8211;\u00a0\u00a0SERVI\u00c7OS DE BENEF\u00cdCIOS EVENTUAIS \u00c0 PESSOAS EM SITUA\u00c7\u00c3O DE RISCO E VULNERABILIDADE SOCIAL<\/td>\n<\/tr>\n<tr>\n<td width=\"19%\"><strong>Categoria de Despesa:<\/strong><\/td>\n<td width=\"23%\">3\u00a0\u00a0&#8211;\u00a0\u00a0Despesas Correntes<\/td>\n<td width=\"21%\"><strong>Grupo de Despesa:<\/strong><\/td>\n<td width=\"35%\">3\u00a0\u00a0&#8211;\u00a0\u00a0OUTRAS DESPESAS CORRENTES<\/td>\n<\/tr>\n<tr>\n<td width=\"19%\"><strong>Modalidade de Aplica\u00e7\u00e3o:<\/strong><\/td>\n<td colspan=\"3\" width=\"80%\">90\u00a0\u00a0&#8211;\u00a0\u00a0APLICA\u00c7\u00d5ES DIRETAS<\/td>\n<\/tr>\n<tr>\n<td width=\"19%\"><strong>Elemento de Despesa:<\/strong><\/td>\n<td colspan=\"3\" width=\"80%\">32\u00a0\u00a0&#8211;\u00a0\u00a0MATERIAL, BEM OU SERVI\u00c7O P\/ DISTRIBUI\u00c7\u00c3O GRATUITA<\/td>\n<\/tr>\n<tr>\n<td width=\"19%\"><strong>Processo N\u00ba:<\/strong><\/td>\n<td width=\"23%\">494\/2019<\/td>\n<td width=\"21%\">&nbsp;<\/td>\n<td width=\"35%\">&nbsp;<\/td>\n<\/tr>\n<tr>\n<td width=\"19%\"><strong>Modalidade da Licita\u00e7\u00e3o:<\/strong><\/td>\n<td width=\"23%\">Preg\u00e3o Presencial<\/td>\n<td width=\"21%\"><strong>N\u00ba Certame:<\/strong><\/td>\n<td width=\"35%\">0\/\u00a00<\/td>\n<\/tr>\n<tr>\n<td width=\"19%\"><strong>Fundamenta\u00e7\u00e3o da Licita\u00e7\u00e3o:<\/strong><\/td>\n<td colspan=\"3\" width=\"80%\">LEI No 10.520, DE 17 DE JULHO DE 2002<\/td>\n<\/tr>\n<tr>\n<td width=\"19%\"><strong>Data da Homologa\u00e7\u00e3o:<\/strong><\/td>\n<td width=\"23%\"><\/td>\n<td width=\"21%\"><strong>Data da Publica\u00e7\u00e3o:<\/strong><\/td>\n<td width=\"35%\"><\/td>\n<\/tr>\n<\/tbody>\n<\/table>\n<p>&nbsp;<\/p>\n<p><strong>Especifica\u00e7\u00e3o da Despesa<\/strong><\/p>\n<table width=\"100%\">\n<tbody>\n<tr>\n<td width=\"71%\"><strong>Item<\/strong><\/td>\n<td width=\"7%\"><strong>Quantidade<\/strong><\/td>\n<td width=\"8%\"><strong>Unidade Medida<\/strong><\/td>\n<td width=\"7%\"><strong>Valor Unit\u00e1rio<\/strong><\/td>\n<td width=\"5%\"><strong>Valor Total<\/strong><\/td>\n<\/tr>\n<tr>\n<td width=\"71%\">Fornecimento de urna infantil (0,60 cm de altura por 0,30 cm de largura), forrada, envernizada e remo\u00e7\u00e3o dentro do per\u00edmetro urbano ou rural do munic\u00edpio, ornamenta\u00e7\u00e3o com flores naturais, vestimenta, velas e casti\u00e7ais.<\/td>\n<td width=\"7%\">1,00<\/td>\n<td width=\"8%\">&nbsp;<\/td>\n<td width=\"7%\">190,00<\/td>\n<td width=\"5%\">190,00<\/td>\n<\/tr>\n<tr>\n<td width=\"71%\">Translado Pedro Velho\/Natal<\/td>\n<td width=\"7%\">1,00<\/td>\n<td width=\"8%\">&nbsp;<\/td>\n<td width=\"7%\">350,00<\/td>\n<td width=\"5%\">350,00<\/td>\n<\/tr>\n<\/tbody>\n<\/table>\n<p>&nbsp;<\/p>\n<p><strong>Movimentos<\/strong><\/p>\n<table width=\"100%\">\n<tbody>\n<tr>\n<td width=\"11%\"><strong>Data<\/strong><\/td>\n<td width=\"11%\"><strong>Fase<\/strong><\/td>\n<td width=\"13%\"><strong>Documento<\/strong><\/td>\n<td width=\"32%\"><strong>Elemento de Despesa<\/strong><\/td>\n<td width=\"23%\"><strong>Favorecido<\/strong><\/td>\n<td width=\"7%\"><strong>Valor<\/strong><\/td>\n<\/tr>\n<tr>\n<td width=\"11%\">12\/04\/2019<\/td>\n<td width=\"11%\">Pagamento<\/td>\n<td width=\"13%\">2019NP00148<\/td>\n<td width=\"32%\">MATERIAL, BEM OU SERVI\u00c7O P\/ DISTRIBUI\u00c7\u00c3O GRATUITA<\/td>\n<td width=\"23%\">ARLINDO BARBOSA DE GOUVEIA NETO &#8211; ME<\/td>\n<td width=\"7%\">540,00<\/td>\n<\/tr>\n<\/tbody>\n<\/table>\n<p>&nbsp;<\/p>\n<div class=\"pdfprnt-buttons pdfprnt-buttons-post pdfprnt-bottom-right\"><a href=\"https:\/\/pedrovelho.rn.gov.br\/transparente\/index\/wp-json\/wp\/v2\/posts\/14734?print=pdf\" class=\"pdfprnt-button pdfprnt-button-pdf\" target=\"_blank\"><img decoding=\"async\" src=\"https:\/\/pedrovelho.rn.gov.br\/transparente\/index\/wp-content\/plugins\/pdf-print\/images\/pdf.png\" alt=\"image_pdf\" title=\"Ver PDF\" \/><\/a><a href=\"https:\/\/pedrovelho.rn.gov.br\/transparente\/index\/wp-json\/wp\/v2\/posts\/14734?print=print\" class=\"pdfprnt-button pdfprnt-button-print\" target=\"_blank\"><img decoding=\"async\" src=\"https:\/\/pedrovelho.rn.gov.br\/transparente\/index\/wp-content\/plugins\/pdf-print\/images\/print.png\" alt=\"image_print\" title=\"Conte\u00fado de impress\u00e3o\" \/><\/a><\/div><div style=\"margin: 20px 0;\"><div class=\"qrcswholewtapper\" style=\"text-align:left;\"><div class=\"qrcprowrapper\"  id=\"qrcwraa2leds\"><div class=\"qrc_canvass\" id=\"qrc_cuttenpages_2\" style=\"display:inline-block\" data-text=\"https:\/\/pedrovelho.rn.gov.br\/transparente\/index\/empenhos-emitidos-abril-2019-arlindo-barbosa-de-gouveia-neto-me\/\"><\/div><\/div><\/div><\/div>","protected":false},"excerpt":{"rendered":"<p>Total Pago em Abril de 2019 R$ 3.130.255,04 Favorecido:\u00a026.146.452\/0001-70 &#8211; ARLINDO BARBOSA DE GOUVEIA NETO &#8211; ME R$ 1.460,00 Despesa:\u00a0MATERIAL, BEM OU SERVI\u00c7O P\/ DISTRIBUI\u00c7\u00c3O GRATUITA R$ 1.460,00 Unidade Gestora:\u00a005 &#8211; SECRETARIA MUNICIPAL DE TRABALHO E A\u00c7\u00c3O SOCIAL R$ 1.460,00 Gest\u00e3o:\u00a0001 &#8211; SECRETARIA MUNICIPAL DE TRABALHO E A\u00c7\u00c3O SOCIAL R$ 1.460,00 &nbsp; Informa\u00e7\u00f5es Gerais \u00a0 [&hellip;]<\/p>\n","protected":false},"author":1,"featured_media":0,"comment_status":"closed","ping_status":"closed","sticky":false,"template":"","format":"standard","meta":{"_et_pb_use_builder":"","_et_pb_old_content":"","_et_gb_content_width":"","footnotes":""},"categories":[163],"tags":[],"class_list":["post-14734","post","type-post","status-publish","format-standard","hentry","category-detalhamento-da-despesa"],"_links":{"self":[{"href":"https:\/\/pedrovelho.rn.gov.br\/transparente\/index\/wp-json\/wp\/v2\/posts\/14734","targetHints":{"allow":["GET"]}}],"collection":[{"href":"https:\/\/pedrovelho.rn.gov.br\/transparente\/index\/wp-json\/wp\/v2\/posts"}],"about":[{"href":"https:\/\/pedrovelho.rn.gov.br\/transparente\/index\/wp-json\/wp\/v2\/types\/post"}],"author":[{"embeddable":true,"href":"https:\/\/pedrovelho.rn.gov.br\/transparente\/index\/wp-json\/wp\/v2\/users\/1"}],"replies":[{"embeddable":true,"href":"https:\/\/pedrovelho.rn.gov.br\/transparente\/index\/wp-json\/wp\/v2\/comments?post=14734"}],"version-history":[{"count":1,"href":"https:\/\/pedrovelho.rn.gov.br\/transparente\/index\/wp-json\/wp\/v2\/posts\/14734\/revisions"}],"predecessor-version":[{"id":14735,"href":"https:\/\/pedrovelho.rn.gov.br\/transparente\/index\/wp-json\/wp\/v2\/posts\/14734\/revisions\/14735"}],"wp:attachment":[{"href":"https:\/\/pedrovelho.rn.gov.br\/transparente\/index\/wp-json\/wp\/v2\/media?parent=14734"}],"wp:term":[{"taxonomy":"category","embeddable":true,"href":"https:\/\/pedrovelho.rn.gov.br\/transparente\/index\/wp-json\/wp\/v2\/categories?post=14734"},{"taxonomy":"post_tag","embeddable":true,"href":"https:\/\/pedrovelho.rn.gov.br\/transparente\/index\/wp-json\/wp\/v2\/tags?post=14734"}],"curies":[{"name":"wp","href":"https:\/\/api.w.org\/{rel}","templated":true}]}}