{"id":16586,"date":"2021-08-25T18:09:00","date_gmt":"2021-08-25T18:09:00","guid":{"rendered":"https:\/\/pedrovelho.rn.gov.br\/transparente\/index\/?p=16586"},"modified":"2021-08-25T18:09:00","modified_gmt":"2021-08-25T18:09:00","slug":"empenhos-emitidos-julho-de-2019-km-distribuidora-de-alimentos-eireli","status":"publish","type":"post","link":"https:\/\/pedrovelho.rn.gov.br\/transparente\/index\/empenhos-emitidos-julho-de-2019-km-distribuidora-de-alimentos-eireli\/","title":{"rendered":"Empenhos Emitidos \u2013 Julho de 2019 &#8211; KM DISTRIBUIDORA DE ALIMENTOS EIRELI"},"content":{"rendered":"<table width=\"100%\">\n<tbody>\n<tr>\n<td width=\"84%\"><strong>Total Pago em Julho de 2019<\/strong><\/td>\n<td width=\"3%\">R$<\/td>\n<td width=\"11%\"><strong>4.951.528,69<\/strong><\/td>\n<\/tr>\n<tr>\n<td width=\"84%\">Favorecido:\u00a0<strong>06.096.117\/0001-05 &#8211; KM DISTRIBUIDORA DE ALIMENTOS EIRELI<\/strong><\/td>\n<td width=\"3%\">R$<\/td>\n<td width=\"11%\"><strong>104.912,44<\/strong><\/td>\n<\/tr>\n<tr>\n<td width=\"84%\">Despesa:\u00a0<strong>MATERIAL DE CONSUMO<\/strong><\/td>\n<td width=\"3%\">R$<\/td>\n<td width=\"11%\"><strong>99.641,29<\/strong><\/td>\n<\/tr>\n<tr>\n<td width=\"84%\">Unidade Gestora:\u00a0<strong>08 &#8211; SECRETARIA MUNICIPAL DE EDUCA\u00c7\u00c3O<\/strong><\/td>\n<td width=\"3%\">R$<\/td>\n<td width=\"11%\"><strong>48.179,06<\/strong><\/td>\n<\/tr>\n<tr>\n<td width=\"84%\">Gest\u00e3o:\u00a0<strong>001 &#8211; SECRETARIA MUNICIAL DE EDUCA\u00c7\u00c3O<\/strong><\/td>\n<td width=\"3%\">R$<\/td>\n<td width=\"11%\"><strong>48.179,06<\/strong><\/td>\n<\/tr>\n<\/tbody>\n<\/table>\n<p>&nbsp;<\/p>\n<p><strong>Informa\u00e7\u00f5es Gerais<\/strong><\/p>\n<table width=\"100%\">\n<tbody>\n<tr>\n<td width=\"20%\"><strong>Fase:<\/strong><\/td>\n<td width=\"23%\"><strong>EMPENHO<\/strong><\/td>\n<td width=\"31%\">&nbsp;<\/td>\n<td width=\"24%\">&nbsp;<\/td>\n<\/tr>\n<tr>\n<td width=\"20%\"><strong>Documento:<\/strong><\/td>\n<td width=\"23%\"><strong>2019NE704003<\/strong><\/td>\n<td width=\"31%\"><strong>Tipo de Documento:<\/strong><\/td>\n<td width=\"24%\">Nota de Empenho<\/td>\n<\/tr>\n<tr>\n<td width=\"20%\"><strong>Data:<\/strong><\/td>\n<td width=\"23%\">04\/07\/2019<\/td>\n<td width=\"31%\">&nbsp;<\/td>\n<td width=\"24%\">&nbsp;<\/td>\n<\/tr>\n<tr>\n<td width=\"20%\"><strong>Tipo de Empenho:<\/strong><\/td>\n<td width=\"23%\">Ordin\u00e1rio<\/td>\n<td width=\"31%\"><strong>Esp\u00e9cie de Empenho:<\/strong><\/td>\n<td width=\"24%\">Original<\/td>\n<\/tr>\n<tr>\n<td width=\"20%\"><strong>Unidade Gestora:<\/strong><\/td>\n<td colspan=\"3\" width=\"79%\">08\u00a0\u00a0&#8211;\u00a0\u00a0SECRETARIA MUNICIPAL DE EDUCA\u00c7\u00c3O<\/td>\n<\/tr>\n<tr>\n<td width=\"20%\"><strong>Gest\u00e3o:<\/strong><\/td>\n<td colspan=\"3\" width=\"79%\">001\u00a0\u00a0&#8211;\u00a0\u00a0SECRETARIA MUNICIAL DE EDUCA\u00c7\u00c3O<\/td>\n<\/tr>\n<tr>\n<td width=\"20%\"><strong>Favorecido:<\/strong><\/td>\n<td colspan=\"3\" width=\"79%\">06.096.117\/0001-05\u00a0\u00a0&#8211;\u00a0\u00a0KM DISTRIBUIDORA DE ALIMENTOS EIRELI<\/td>\n<\/tr>\n<tr>\n<td width=\"20%\"><strong>Valor:<\/strong><\/td>\n<td width=\"23%\">19.555,20<\/td>\n<td width=\"31%\"><\/td>\n<td width=\"24%\"><\/td>\n<\/tr>\n<\/tbody>\n<\/table>\n<p>&nbsp;<\/p>\n<p><strong>Detalhamento<\/strong><\/p>\n<table width=\"100%\">\n<tbody>\n<tr>\n<td width=\"19%\"><strong>Observa\u00e7\u00e3o do Documento:<\/strong><\/td>\n<td colspan=\"3\" width=\"80%\">Fornecimento de G\u00eaneros Aliment\u00edcios para preparo e distribui\u00e7\u00e3o gratuita aos alunos matriculados na rede municipal de ensino, aos benefici\u00e1rios das secretarias municipais e os programas sociais do munic\u00edpio de Pedro Velho\/RN.<\/td>\n<\/tr>\n<tr>\n<td width=\"19%\"><strong>Esfera:<\/strong><\/td>\n<td colspan=\"3\" width=\"80%\">Fiscal<\/td>\n<\/tr>\n<tr>\n<td width=\"19%\"><strong>Fonte de Recurso:<\/strong><\/td>\n<td colspan=\"3\" width=\"80%\">10010000\u00a0\u00a0&#8211;\u00a0\u00a0Recursos Ordin\u00e1rios<\/td>\n<\/tr>\n<tr>\n<td colspan=\"4\" width=\"100%\"><strong>Funcional Program\u00e1tica<\/strong><\/td>\n<\/tr>\n<tr>\n<td width=\"19%\"><strong>Fun\u00e7\u00e3o:<\/strong><\/td>\n<td colspan=\"3\" width=\"80%\">12\u00a0\u00a0&#8211;\u00a0\u00a0EDUCA\u00c7\u00c3O<\/td>\n<\/tr>\n<tr>\n<td width=\"19%\"><strong>Subfun\u00e7\u00e3o:<\/strong><\/td>\n<td colspan=\"3\" width=\"80%\">306\u00a0\u00a0&#8211;\u00a0\u00a0ALIMENTA\u00c7\u00c3O E NUTRI\u00c7\u00c3O<\/td>\n<\/tr>\n<tr>\n<td width=\"19%\"><strong>Programa:<\/strong><\/td>\n<td colspan=\"3\" width=\"80%\">0011\u00a0\u00a0&#8211;\u00a0\u00a0EDUC. C\/ QUALIDADE E VALORZ. DESPORTE CULTURAL<\/td>\n<\/tr>\n<tr>\n<td width=\"19%\"><strong>A\u00e7\u00e3o:<\/strong><\/td>\n<td colspan=\"3\" width=\"80%\">2053\u00a0\u00a0&#8211;\u00a0\u00a0MANUTEN\u00c7\u00c3O DO PROGRAMA NACIONAL DE ALIMENTA\u00c7\u00c3O ESCOLAR &#8211; PNAE<\/td>\n<\/tr>\n<tr>\n<td width=\"19%\"><strong>Categoria de Despesa:<\/strong><\/td>\n<td width=\"24%\">3\u00a0\u00a0&#8211;\u00a0\u00a0Despesas Correntes<\/td>\n<td width=\"21%\"><strong>Grupo de Despesa:<\/strong><\/td>\n<td width=\"33%\">3\u00a0\u00a0&#8211;\u00a0\u00a0OUTRAS DESPESAS CORRENTES<\/td>\n<\/tr>\n<tr>\n<td width=\"19%\"><strong>Modalidade de Aplica\u00e7\u00e3o:<\/strong><\/td>\n<td colspan=\"3\" width=\"80%\">90\u00a0\u00a0&#8211;\u00a0\u00a0APLICA\u00c7\u00d5ES DIRETAS<\/td>\n<\/tr>\n<tr>\n<td width=\"19%\"><strong>Elemento de Despesa:<\/strong><\/td>\n<td colspan=\"3\" width=\"80%\">30\u00a0\u00a0&#8211;\u00a0\u00a0MATERIAL DE CONSUMO<\/td>\n<\/tr>\n<tr>\n<td width=\"19%\"><strong>Processo N\u00ba:<\/strong><\/td>\n<td width=\"24%\">1663\/2019<\/td>\n<td width=\"21%\">&nbsp;<\/td>\n<td width=\"33%\">&nbsp;<\/td>\n<\/tr>\n<tr>\n<td width=\"19%\"><strong>Modalidade da Licita\u00e7\u00e3o:<\/strong><\/td>\n<td width=\"24%\">Preg\u00e3o Presencial &#8211; Ades\u00e3o<\/td>\n<td width=\"21%\"><strong>N\u00ba Certame:<\/strong><\/td>\n<td width=\"33%\">0\/\u00a00<\/td>\n<\/tr>\n<tr>\n<td width=\"19%\"><strong>Fundamenta\u00e7\u00e3o da Licita\u00e7\u00e3o:<\/strong><\/td>\n<td colspan=\"3\" width=\"80%\">Lei Federal 10.520 de 17\/07\/2002<\/td>\n<\/tr>\n<tr>\n<td width=\"19%\"><strong>Data da Homologa\u00e7\u00e3o:<\/strong><\/td>\n<td width=\"24%\"><\/td>\n<td width=\"21%\"><strong>Data da Publica\u00e7\u00e3o:<\/strong><\/td>\n<td width=\"33%\"><\/td>\n<\/tr>\n<\/tbody>\n<\/table>\n<p>&nbsp;<\/p>\n<p><strong>Especifica\u00e7\u00e3o da Despesa<\/strong><\/p>\n<table width=\"100%\">\n<tbody>\n<tr>\n<td width=\"71%\"><strong>Item<\/strong><\/td>\n<td width=\"7%\"><strong>Quantidade<\/strong><\/td>\n<td width=\"7%\"><strong>Unidade Medida<\/strong><\/td>\n<td width=\"7%\"><strong>Valor Unit\u00e1rio<\/strong><\/td>\n<td width=\"6%\"><strong>Valor Total<\/strong><\/td>\n<\/tr>\n<tr>\n<td width=\"71%\">Carne bovina mo\u00edda, congelada, de boa qualidade, com baixa taxa de gordura, com etiqueta que identifique categori do produto, prazo de validade, carimbo do SIF (Servi\u00e7o de Inspe\u00e7\u00e3o Federal), embalagem de 1kg.<\/td>\n<td width=\"7%\">330,00<\/td>\n<td width=\"7%\">&nbsp;<\/td>\n<td width=\"7%\">21,34<\/td>\n<td width=\"6%\">7.042,20<\/td>\n<\/tr>\n<tr>\n<td width=\"71%\">Peito de frango congelado de primeira qualidade, sem pele, com etiqueta de que identifique categoria do produto, prazo de validade, carimbo do SIF (Servi\u00e7o de Inspe\u00e7\u00e3o Federal) \u2013 embalagem de 1kg.<\/td>\n<td width=\"7%\">400,00<\/td>\n<td width=\"7%\">&nbsp;<\/td>\n<td width=\"7%\">9,17<\/td>\n<td width=\"6%\">3.668,00<\/td>\n<\/tr>\n<tr>\n<td width=\"71%\">Polpa de fruta sabor acerola, natural, de boa qualidade, em embalagem de 1kg, com identifia\u00e7\u00e3o do produto, marca do fabricante, prazo de validade e capacidade. O produto dever\u00e1 ter registro no Minist\u00e9rio da Agricultura e\/ou Minist\u00e9rio da Sa\u00fade. No ato da<\/td>\n<td width=\"7%\">300,00<\/td>\n<td width=\"7%\">&nbsp;<\/td>\n<td width=\"7%\">8,68<\/td>\n<td width=\"6%\">2.604,00<\/td>\n<\/tr>\n<tr>\n<td width=\"71%\">Polpa de fruta sabor goiaba, natural, de boa qualidade, em embalagem de 1kg, com identifia\u00e7\u00e3o do produto, marca do fabricante, prazo de validade e capacidade. O produto dever\u00e1 ter registro no Minist\u00e9rio da Agricultura e\/ou Minist\u00e9rio da Sa\u00fade. No ato da e<\/td>\n<td width=\"7%\">400,00<\/td>\n<td width=\"7%\">&nbsp;<\/td>\n<td width=\"7%\">8,55<\/td>\n<td width=\"6%\">3.420,00<\/td>\n<\/tr>\n<tr>\n<td width=\"71%\">Alho de primeira qualidade, firme e intacto, sem les\u00f5es de origem f\u00edsica ou mec\u00e2nica, perfura\u00e7\u00f5es e cortes, tamanho e colora\u00e7\u00e3o uniformes, devendo ser bem desenvolvido, isento de sujidades, parasitas e larvas.<\/td>\n<td width=\"7%\">38,00<\/td>\n<td width=\"7%\">&nbsp;<\/td>\n<td width=\"7%\">24,00<\/td>\n<td width=\"6%\">912,00<\/td>\n<\/tr>\n<tr>\n<td width=\"71%\">Batata inglesa de primeira qualidade, casca lisa, gra\u00fada, m\u00e9dia e grande, sem brotos expostos.<\/td>\n<td width=\"7%\">100,00<\/td>\n<td width=\"7%\">&nbsp;<\/td>\n<td width=\"7%\">5,30<\/td>\n<td width=\"6%\">530,00<\/td>\n<\/tr>\n<tr>\n<td width=\"71%\">Cebola de primeira qualidade, gra\u00fada, m\u00e9dia e grande, sem sinal de brota\u00e7\u00e3o.<\/td>\n<td width=\"7%\">115,00<\/td>\n<td width=\"7%\">&nbsp;<\/td>\n<td width=\"7%\">4,00<\/td>\n<td width=\"6%\">460,00<\/td>\n<\/tr>\n<tr>\n<td width=\"71%\">Cenoura de primeira qualidade, casca lisa, gra\u00fada, m\u00e9dia e grande, sem sinal de brota\u00e7\u00e3o.<\/td>\n<td width=\"7%\">100,00<\/td>\n<td width=\"7%\">&nbsp;<\/td>\n<td width=\"7%\">5,20<\/td>\n<td width=\"6%\">520,00<\/td>\n<\/tr>\n<tr>\n<td width=\"71%\">Melancia, sadias, sem ranhuras, doces e de boa qualidade.<\/td>\n<td width=\"7%\">210,00<\/td>\n<td width=\"7%\">&nbsp;<\/td>\n<td width=\"7%\">1,90<\/td>\n<td width=\"6%\">399,00<\/td>\n<\/tr>\n<\/tbody>\n<\/table>\n<p>&nbsp;<\/p>\n<p><strong>Movimentos<\/strong><\/p>\n<table width=\"100%\">\n<tbody>\n<tr>\n<td width=\"10%\"><strong>Data<\/strong><\/td>\n<td width=\"9%\"><strong>Fase<\/strong><\/td>\n<td width=\"12%\"><strong>Documento<\/strong><\/td>\n<td width=\"21%\"><strong>Elemento de Despesa<\/strong><\/td>\n<td width=\"37%\"><strong>Favorecido<\/strong><\/td>\n<td width=\"9%\"><strong>Valor<\/strong><\/td>\n<\/tr>\n<tr>\n<td width=\"10%\">16\/07\/2019<\/td>\n<td width=\"9%\">Liquida\u00e7\u00e3o<\/td>\n<td width=\"12%\">2019NL00505<\/td>\n<td width=\"21%\">MATERIAL DE CONSUMO<\/td>\n<td width=\"37%\">KM DISTRIBUIDORA DE ALIMENTOS EIRELI<\/td>\n<td width=\"9%\">19.555,20<\/td>\n<\/tr>\n<tr>\n<td width=\"10%\">24\/07\/2019<\/td>\n<td width=\"9%\">Pagamento<\/td>\n<td width=\"12%\">2019NP00701<\/td>\n<td width=\"21%\">MATERIAL DE CONSUMO<\/td>\n<td width=\"37%\">KM DISTRIBUIDORA DE ALIMENTOS EIRELI<\/td>\n<td width=\"9%\">19.555,20<\/td>\n<\/tr>\n<\/tbody>\n<\/table>\n<p>&nbsp;<\/p>\n<div class=\"pdfprnt-buttons pdfprnt-buttons-post pdfprnt-bottom-right\"><a href=\"https:\/\/pedrovelho.rn.gov.br\/transparente\/index\/wp-json\/wp\/v2\/posts\/16586?print=pdf\" class=\"pdfprnt-button pdfprnt-button-pdf\" target=\"_blank\"><img decoding=\"async\" src=\"https:\/\/pedrovelho.rn.gov.br\/transparente\/index\/wp-content\/plugins\/pdf-print\/images\/pdf.png\" alt=\"image_pdf\" title=\"Ver PDF\" \/><\/a><a href=\"https:\/\/pedrovelho.rn.gov.br\/transparente\/index\/wp-json\/wp\/v2\/posts\/16586?print=print\" class=\"pdfprnt-button pdfprnt-button-print\" target=\"_blank\"><img decoding=\"async\" src=\"https:\/\/pedrovelho.rn.gov.br\/transparente\/index\/wp-content\/plugins\/pdf-print\/images\/print.png\" alt=\"image_print\" title=\"Conte\u00fado de impress\u00e3o\" \/><\/a><\/div><div style=\"margin: 20px 0;\"><div class=\"qrcswholewtapper\" style=\"text-align:left;\"><div class=\"qrcprowrapper\"  id=\"qrcwraa2leds\"><div class=\"qrc_canvass\" id=\"qrc_cuttenpages_2\" style=\"display:inline-block\" data-text=\"https:\/\/pedrovelho.rn.gov.br\/transparente\/index\/empenhos-emitidos-julho-de-2019-km-distribuidora-de-alimentos-eireli\/\"><\/div><\/div><\/div><\/div>","protected":false},"excerpt":{"rendered":"<p>Total Pago em Julho de 2019 R$ 4.951.528,69 Favorecido:\u00a006.096.117\/0001-05 &#8211; KM DISTRIBUIDORA DE ALIMENTOS EIRELI R$ 104.912,44 Despesa:\u00a0MATERIAL DE CONSUMO R$ 99.641,29 Unidade Gestora:\u00a008 &#8211; SECRETARIA MUNICIPAL DE EDUCA\u00c7\u00c3O R$ 48.179,06 Gest\u00e3o:\u00a0001 &#8211; SECRETARIA MUNICIAL DE EDUCA\u00c7\u00c3O R$ 48.179,06 &nbsp; Informa\u00e7\u00f5es Gerais Fase: EMPENHO &nbsp; &nbsp; Documento: 2019NE704003 Tipo de Documento: Nota de Empenho Data: [&hellip;]<\/p>\n","protected":false},"author":1,"featured_media":0,"comment_status":"closed","ping_status":"closed","sticky":false,"template":"","format":"standard","meta":{"_et_pb_use_builder":"","_et_pb_old_content":"","_et_gb_content_width":"","footnotes":""},"categories":[163],"tags":[],"class_list":["post-16586","post","type-post","status-publish","format-standard","hentry","category-detalhamento-da-despesa"],"_links":{"self":[{"href":"https:\/\/pedrovelho.rn.gov.br\/transparente\/index\/wp-json\/wp\/v2\/posts\/16586","targetHints":{"allow":["GET"]}}],"collection":[{"href":"https:\/\/pedrovelho.rn.gov.br\/transparente\/index\/wp-json\/wp\/v2\/posts"}],"about":[{"href":"https:\/\/pedrovelho.rn.gov.br\/transparente\/index\/wp-json\/wp\/v2\/types\/post"}],"author":[{"embeddable":true,"href":"https:\/\/pedrovelho.rn.gov.br\/transparente\/index\/wp-json\/wp\/v2\/users\/1"}],"replies":[{"embeddable":true,"href":"https:\/\/pedrovelho.rn.gov.br\/transparente\/index\/wp-json\/wp\/v2\/comments?post=16586"}],"version-history":[{"count":1,"href":"https:\/\/pedrovelho.rn.gov.br\/transparente\/index\/wp-json\/wp\/v2\/posts\/16586\/revisions"}],"predecessor-version":[{"id":16587,"href":"https:\/\/pedrovelho.rn.gov.br\/transparente\/index\/wp-json\/wp\/v2\/posts\/16586\/revisions\/16587"}],"wp:attachment":[{"href":"https:\/\/pedrovelho.rn.gov.br\/transparente\/index\/wp-json\/wp\/v2\/media?parent=16586"}],"wp:term":[{"taxonomy":"category","embeddable":true,"href":"https:\/\/pedrovelho.rn.gov.br\/transparente\/index\/wp-json\/wp\/v2\/categories?post=16586"},{"taxonomy":"post_tag","embeddable":true,"href":"https:\/\/pedrovelho.rn.gov.br\/transparente\/index\/wp-json\/wp\/v2\/tags?post=16586"}],"curies":[{"name":"wp","href":"https:\/\/api.w.org\/{rel}","templated":true}]}}