{"id":18629,"date":"2021-09-15T17:40:18","date_gmt":"2021-09-15T17:40:18","guid":{"rendered":"https:\/\/pedrovelho.rn.gov.br\/transparente\/index\/?p=18629"},"modified":"2022-02-24T13:27:06","modified_gmt":"2022-02-24T13:27:06","slug":"portaria-no-09-2021-secadm-concede-ao-servidor-da-prefeitura-municipal-de-pedro-velho-matheus-erysson-maximo-lira-matricula-no-007323-1-lotado-na-prefeitura-municipal-de-pedro-velho-rn-ocupante","status":"publish","type":"post","link":"https:\/\/pedrovelho.rn.gov.br\/transparente\/index\/portaria-no-09-2021-secadm-concede-ao-servidor-da-prefeitura-municipal-de-pedro-velho-matheus-erysson-maximo-lira-matricula-no-007323-1-lotado-na-prefeitura-municipal-de-pedro-velho-rn-ocupante\/","title":{"rendered":"PORTARIA N\u00ba 09\/2021-SECADM &#8211; Concede ao servidor da Prefeitura Municipal de Pedro Velho, MATHEUS ERYSSON M\u00c1XIMO LIRA, matr\u00edcula n\u00ba 007323-1, lotado na PREFEITURA MUNICIPAL DE PEDRO VELHO\/RN, ocupante do cargo de Auxiliar Administrativo da Sec. de Turismo, 02 (DUAS) DI\u00c1RIAS"},"content":{"rendered":"<p style=\"text-align: center;\"><strong>ESTADO DO RIO GRANDE DO NORTE<br \/>\nPREFEITURA MUNICIPAL DE PEDRO VELHO<\/strong><\/p>\n<hr \/>\n<p><strong>PORTARIA N\u00ba 09\/2021-SECADM, DE 15 DE SETEMBRO DE 2021.<\/strong><\/p>\n<p>Concede di\u00e1ria ao servidor que espec\u00edfica e d\u00e1 outras provid\u00eancias.<\/p>\n<p>A SECRETARIA MUNICIPAL DE ADMINISTRA\u00c7\u00c3O, DO MUNIC\u00cdPIO DE PEDRO VELHO\/RN, nomeada pela Portaria n\u00ba 07\/2021, no uso de suas atribui\u00e7\u00f5es legais e em conformidade com o Decreto n\u00ba 100\/2010, de 08 de setembro de 2010 e alterado o Art. 3 e anexo 1 pelo Decreto 67 de 25 de outubro de 2019.<\/p>\n<p>R E S O L V E:<\/p>\n<p>Art. 1\u00ba. Conceder ao servidor da Prefeitura Municipal de Pedro Velho, MATHEUS ERYSSON M\u00c1XIMO LIRA, matr\u00edcula n\u00ba 007323-1, lotado na PREFEITURA MUNICIPAL DE PEDRO VELHO\/RN, ocupante do cargo de Auxiliar Administrativo da Sec. de Turismo, 02 (DUAS) DI\u00c1RIAS, para custear despesas com alimenta\u00e7\u00e3o, deslocamento urbano, durante sua perman\u00eancia na cidade de Natal, no per\u00edodo de 17\/09\/2021 \u00e0 18\/09\/2021, para de conformidade com a solicita\u00e7\u00e3o participar. Do 7\u00ba FEMPTUR \u2013 Feira dos Munic\u00edpios e Produtos Tur\u00edsticos do RN na cidade de Natal\/RN<\/p>\n<p>Art. 2\u00ba. Esta Portaria entrar\u00e1 em vigor na data de sua assinatura. Publique-se.<\/p>\n<p>Pal\u00e1cio Joaquim da Luz, em Pedro Velho\/RN, 15 de setembro de 2021.<\/p>\n<p>MARIJANE CRISTINA LACERDA DE MEDEIROS SECRET\u00c1RIA MUNICIPAL DE ADMINISTRA\u00c7\u00c3O<\/p>\n<div class=\"pdfprnt-buttons pdfprnt-buttons-post pdfprnt-bottom-right\"><a href=\"https:\/\/pedrovelho.rn.gov.br\/transparente\/index\/wp-json\/wp\/v2\/posts\/18629?print=pdf\" class=\"pdfprnt-button pdfprnt-button-pdf\" target=\"_blank\"><img decoding=\"async\" src=\"https:\/\/pedrovelho.rn.gov.br\/transparente\/index\/wp-content\/plugins\/pdf-print\/images\/pdf.png\" alt=\"image_pdf\" title=\"Ver PDF\" \/><\/a><a href=\"https:\/\/pedrovelho.rn.gov.br\/transparente\/index\/wp-json\/wp\/v2\/posts\/18629?print=print\" class=\"pdfprnt-button pdfprnt-button-print\" target=\"_blank\"><img decoding=\"async\" src=\"https:\/\/pedrovelho.rn.gov.br\/transparente\/index\/wp-content\/plugins\/pdf-print\/images\/print.png\" alt=\"image_print\" title=\"Conte\u00fado de impress\u00e3o\" \/><\/a><\/div><div style=\"margin: 20px 0;\"><div class=\"qrcswholewtapper\" style=\"text-align:left;\"><div class=\"qrcprowrapper\"  id=\"qrcwraa2leds\"><div class=\"qrc_canvass\" id=\"qrc_cuttenpages_2\" style=\"display:inline-block\" data-text=\"https:\/\/pedrovelho.rn.gov.br\/transparente\/index\/portaria-no-09-2021-secadm-concede-ao-servidor-da-prefeitura-municipal-de-pedro-velho-matheus-erysson-maximo-lira-matricula-no-007323-1-lotado-na-prefeitura-municipal-de-pedro-velho-rn-ocupante\/\"><\/div><\/div><\/div><\/div>","protected":false},"excerpt":{"rendered":"<p>ESTADO DO RIO GRANDE DO NORTE PREFEITURA MUNICIPAL DE PEDRO VELHO PORTARIA N\u00ba 09\/2021-SECADM, DE 15 DE SETEMBRO DE 2021. Concede di\u00e1ria ao servidor que espec\u00edfica e d\u00e1 outras provid\u00eancias. A SECRETARIA MUNICIPAL DE ADMINISTRA\u00c7\u00c3O, DO MUNIC\u00cdPIO DE PEDRO VELHO\/RN, nomeada pela Portaria n\u00ba 07\/2021, no uso de suas atribui\u00e7\u00f5es legais e em conformidade com [&hellip;]<\/p>\n","protected":false},"author":1,"featured_media":0,"comment_status":"closed","ping_status":"closed","sticky":false,"template":"","format":"standard","meta":{"_et_pb_use_builder":"","_et_pb_old_content":"","_et_gb_content_width":"","footnotes":""},"categories":[127,75,76,194],"tags":[],"class_list":["post-18629","post","type-post","status-publish","format-standard","hentry","category-diarias-e-passagens","category-legislacao","category-portarias","category-portarias-municipais-2021"],"_links":{"self":[{"href":"https:\/\/pedrovelho.rn.gov.br\/transparente\/index\/wp-json\/wp\/v2\/posts\/18629","targetHints":{"allow":["GET"]}}],"collection":[{"href":"https:\/\/pedrovelho.rn.gov.br\/transparente\/index\/wp-json\/wp\/v2\/posts"}],"about":[{"href":"https:\/\/pedrovelho.rn.gov.br\/transparente\/index\/wp-json\/wp\/v2\/types\/post"}],"author":[{"embeddable":true,"href":"https:\/\/pedrovelho.rn.gov.br\/transparente\/index\/wp-json\/wp\/v2\/users\/1"}],"replies":[{"embeddable":true,"href":"https:\/\/pedrovelho.rn.gov.br\/transparente\/index\/wp-json\/wp\/v2\/comments?post=18629"}],"version-history":[{"count":1,"href":"https:\/\/pedrovelho.rn.gov.br\/transparente\/index\/wp-json\/wp\/v2\/posts\/18629\/revisions"}],"predecessor-version":[{"id":18630,"href":"https:\/\/pedrovelho.rn.gov.br\/transparente\/index\/wp-json\/wp\/v2\/posts\/18629\/revisions\/18630"}],"wp:attachment":[{"href":"https:\/\/pedrovelho.rn.gov.br\/transparente\/index\/wp-json\/wp\/v2\/media?parent=18629"}],"wp:term":[{"taxonomy":"category","embeddable":true,"href":"https:\/\/pedrovelho.rn.gov.br\/transparente\/index\/wp-json\/wp\/v2\/categories?post=18629"},{"taxonomy":"post_tag","embeddable":true,"href":"https:\/\/pedrovelho.rn.gov.br\/transparente\/index\/wp-json\/wp\/v2\/tags?post=18629"}],"curies":[{"name":"wp","href":"https:\/\/api.w.org\/{rel}","templated":true}]}}