{"id":18826,"date":"2021-09-29T13:17:07","date_gmt":"2021-09-29T13:17:07","guid":{"rendered":"https:\/\/pedrovelho.rn.gov.br\/transparente\/index\/?p=18826"},"modified":"2021-09-29T13:17:07","modified_gmt":"2021-09-29T13:17:07","slug":"empenhos-emitidos-fevereiro-2021-selma-melo-de-farias","status":"publish","type":"post","link":"https:\/\/pedrovelho.rn.gov.br\/transparente\/index\/empenhos-emitidos-fevereiro-2021-selma-melo-de-farias\/","title":{"rendered":"Empenhos Emitidos \u2013 Fevereiro 2021 &#8211; SELMA MELO DE FARIAS"},"content":{"rendered":"<table width=\"100%\">\n<tbody>\n<tr>\n<td width=\"85%\"><strong>Total Pago em Fevereiro de 2021<\/strong><\/td>\n<td width=\"4%\">R$<\/td>\n<td width=\"9%\"><strong>2.918.766,91<\/strong><\/td>\n<\/tr>\n<tr>\n<td width=\"85%\">Favorecido:\u00a0<strong>##1.960.724-## &#8211; SELMA MELO DE FARIAS<\/strong><\/td>\n<td width=\"4%\">R$<\/td>\n<td width=\"9%\"><strong>1.125,00<\/strong><\/td>\n<\/tr>\n<tr>\n<td width=\"85%\">Despesa:\u00a0<strong>OUTROS SERVI\u00c7OS DE TERCEIROS &#8211; PESSOA F\u00cdSICA<\/strong><\/td>\n<td width=\"4%\">R$<\/td>\n<td width=\"9%\"><strong>1.125,00<\/strong><\/td>\n<\/tr>\n<tr>\n<td width=\"85%\">Unidade Gestora:\u00a0<strong>08 &#8211; SECRETARIA MUNICIPAL DE EDUCA\u00c7\u00c3O<\/strong><\/td>\n<td width=\"4%\">R$<\/td>\n<td width=\"9%\"><strong>1.125,00<\/strong><\/td>\n<\/tr>\n<tr>\n<td width=\"85%\">Gest\u00e3o:\u00a0<strong>001 &#8211; SECRETARIA MUNICIAL DE EDUCA\u00c7\u00c3O<\/strong><\/td>\n<td width=\"4%\">R$<\/td>\n<td width=\"9%\"><strong>1.125,00<\/strong><\/td>\n<\/tr>\n<\/tbody>\n<\/table>\n<p>&nbsp;<\/p>\n<p><strong>Informa\u00e7\u00f5es Gerais<\/strong><\/p>\n<table width=\"100%\">\n<tbody>\n<tr>\n<td width=\"16%\"><strong>Fase:<\/strong><\/td>\n<td width=\"24%\"><strong>EMPENHO<\/strong><\/td>\n<td width=\"33%\">&nbsp;<\/td>\n<td width=\"25%\">&nbsp;<\/td>\n<\/tr>\n<tr>\n<td width=\"16%\"><strong>Documento:<\/strong><\/td>\n<td width=\"24%\"><strong>2021NE104001<\/strong><\/td>\n<td width=\"33%\"><strong>Tipo de Documento:<\/strong><\/td>\n<td width=\"25%\">Nota de Empenho<\/td>\n<\/tr>\n<tr>\n<td width=\"16%\"><strong>Data:<\/strong><\/td>\n<td width=\"24%\">04\/01\/2021<\/td>\n<td width=\"33%\">&nbsp;<\/td>\n<td width=\"25%\">&nbsp;<\/td>\n<\/tr>\n<tr>\n<td width=\"16%\"><strong>Tipo de Empenho:<\/strong><\/td>\n<td width=\"24%\">Global<\/td>\n<td width=\"33%\"><strong>Esp\u00e9cie de Empenho:<\/strong><\/td>\n<td width=\"25%\">Original<\/td>\n<\/tr>\n<tr>\n<td width=\"16%\"><strong>Unidade Gestora:<\/strong><\/td>\n<td colspan=\"3\" width=\"83%\">08\u00a0\u00a0&#8211;\u00a0\u00a0SECRETARIA MUNICIPAL DE EDUCA\u00c7\u00c3O<\/td>\n<\/tr>\n<tr>\n<td width=\"16%\"><strong>Gest\u00e3o:<\/strong><\/td>\n<td colspan=\"3\" width=\"83%\">001\u00a0\u00a0&#8211;\u00a0\u00a0SECRETARIA MUNICIAL DE EDUCA\u00c7\u00c3O<\/td>\n<\/tr>\n<tr>\n<td width=\"16%\"><strong>Favorecido:<\/strong><\/td>\n<td colspan=\"3\" width=\"83%\">##1.960.724-##\u00a0\u00a0&#8211;\u00a0\u00a0SELMA MELO DE FARIAS<\/td>\n<\/tr>\n<tr>\n<td width=\"16%\"><strong>Valor:<\/strong><\/td>\n<td width=\"24%\">1.687,50<\/td>\n<td width=\"33%\"><\/td>\n<td width=\"25%\"><\/td>\n<\/tr>\n<\/tbody>\n<\/table>\n<p>&nbsp;<\/p>\n<p><strong>Detalhamento<\/strong><\/p>\n<table width=\"100%\">\n<tbody>\n<tr>\n<td width=\"16%\"><strong>Observa\u00e7\u00e3o do Documento:<\/strong><\/td>\n<td colspan=\"3\" width=\"83%\">loca\u00e7\u00e3o de im\u00f3vel para funcionamento da Escola do Campo, Sitio Tamatanduba, n\u00ba 10, zona rural, Pedro Velho-RN<\/td>\n<\/tr>\n<tr>\n<td width=\"16%\"><strong>Esfera:<\/strong><\/td>\n<td colspan=\"3\" width=\"83%\">Fiscal<\/td>\n<\/tr>\n<tr>\n<td width=\"16%\"><strong>Fonte de Recurso:<\/strong><\/td>\n<td colspan=\"3\" width=\"83%\">11200000\u00a0\u00a0&#8211;\u00a0\u00a0Transfer\u00eancia do Sal\u00e1rio-Educa\u00e7\u00e3o<\/td>\n<\/tr>\n<tr>\n<td colspan=\"4\" width=\"100%\"><strong>Funcional Program\u00e1tica<\/strong><\/td>\n<\/tr>\n<tr>\n<td width=\"16%\"><strong>Fun\u00e7\u00e3o:<\/strong><\/td>\n<td colspan=\"3\" width=\"83%\">12\u00a0\u00a0&#8211;\u00a0\u00a0EDUCA\u00c7\u00c3O<\/td>\n<\/tr>\n<tr>\n<td width=\"16%\"><strong>Subfun\u00e7\u00e3o:<\/strong><\/td>\n<td colspan=\"3\" width=\"83%\">361\u00a0\u00a0&#8211;\u00a0\u00a0ENSINO FUNDAMENTAL<\/td>\n<\/tr>\n<tr>\n<td width=\"16%\"><strong>Programa:<\/strong><\/td>\n<td colspan=\"3\" width=\"83%\">0011\u00a0\u00a0&#8211;\u00a0\u00a0EDUC. C\/ QUALIDADE E VALORZ. DESPORTE CULTURAL<\/td>\n<\/tr>\n<tr>\n<td width=\"16%\"><strong>A\u00e7\u00e3o:<\/strong><\/td>\n<td colspan=\"3\" width=\"83%\">2057\u00a0\u00a0&#8211;\u00a0\u00a0MANUTEN\u00c7\u00c3O DA QUOTA DO SAL\u00c1RIO EDUCA\u00c7\u00c3O &#8211; QSE FUNDAMENTAL<\/td>\n<\/tr>\n<tr>\n<td width=\"16%\"><strong>Categoria de Despesa:<\/strong><\/td>\n<td width=\"24%\">3\u00a0\u00a0&#8211;\u00a0\u00a0Despesas Correntes<\/td>\n<td width=\"22%\"><strong>Grupo de Despesa:<\/strong><\/td>\n<td width=\"36%\">3\u00a0\u00a0&#8211;\u00a0\u00a0OUTRAS DESPESAS CORRENTES<\/td>\n<\/tr>\n<tr>\n<td width=\"16%\"><strong>Modalidade de Aplica\u00e7\u00e3o:<\/strong><\/td>\n<td colspan=\"3\" width=\"83%\">90\u00a0\u00a0&#8211;\u00a0\u00a0APLICA\u00c7\u00d5ES DIRETAS<\/td>\n<\/tr>\n<tr>\n<td width=\"16%\"><strong>Elemento de Despesa:<\/strong><\/td>\n<td colspan=\"3\" width=\"83%\">36\u00a0\u00a0&#8211;\u00a0\u00a0OUTROS SERVI\u00c7OS DE TERCEIROS &#8211; PESSOA F\u00cdSICA<\/td>\n<\/tr>\n<tr>\n<td width=\"16%\"><strong>Processo N\u00ba:<\/strong><\/td>\n<td width=\"24%\">8\/2021<\/td>\n<td width=\"22%\">&nbsp;<\/td>\n<td width=\"36%\">&nbsp;<\/td>\n<\/tr>\n<tr>\n<td width=\"16%\"><strong>Modalidade da Licita\u00e7\u00e3o:<\/strong><\/td>\n<td width=\"24%\">Dispensa<\/td>\n<td width=\"22%\"><strong>N\u00ba Certame:<\/strong><\/td>\n<td width=\"36%\">0\/\u00a00<\/td>\n<\/tr>\n<tr>\n<td width=\"16%\"><strong>Fundamenta\u00e7\u00e3o da Licita\u00e7\u00e3o:<\/strong><\/td>\n<td colspan=\"3\" width=\"83%\">Art. 24, Inc. X da Lei Federal 8.666\/93<\/td>\n<\/tr>\n<tr>\n<td width=\"16%\"><strong>Data da Homologa\u00e7\u00e3o:<\/strong><\/td>\n<td width=\"24%\"><\/td>\n<td width=\"22%\"><strong>Data da Publica\u00e7\u00e3o:<\/strong><\/td>\n<td width=\"36%\"><\/td>\n<\/tr>\n<\/tbody>\n<\/table>\n<p>&nbsp;<\/p>\n<p><strong>Especifica\u00e7\u00e3o da Despesa<\/strong><\/p>\n<table width=\"100%\">\n<tbody>\n<tr>\n<td width=\"55%\"><strong>Item<\/strong><\/td>\n<td width=\"12%\"><strong>Quantidade<\/strong><\/td>\n<td width=\"11%\"><strong>Unidade Medida<\/strong><\/td>\n<td width=\"10%\"><strong>Valor Unit\u00e1rio<\/strong><\/td>\n<td width=\"9%\"><strong>Valor Total<\/strong><\/td>\n<\/tr>\n<tr>\n<td width=\"55%\">LOCA\u00c7\u00c3O DE IM\u00d3VEL PARA LOCA\u00c7\u00c3O DE ESCOLA DO CAMPO. (TAMATANDUBA)<\/td>\n<td width=\"12%\">3,00<\/td>\n<td width=\"11%\">MES<\/td>\n<td width=\"10%\">562,50<\/td>\n<td width=\"9%\">1.687,50<\/td>\n<\/tr>\n<\/tbody>\n<\/table>\n<p><strong>Movimentos<\/strong><\/p>\n<table width=\"100%\">\n<tbody>\n<tr>\n<td width=\"10%\"><strong>Data<\/strong><\/td>\n<td width=\"9%\"><strong>Fase<\/strong><\/td>\n<td width=\"11%\"><strong>Documento<\/strong><\/td>\n<td width=\"42%\"><strong>Elemento de Despesa<\/strong><\/td>\n<td width=\"20%\"><strong>Favorecido<\/strong><\/td>\n<td width=\"6%\"><strong>Valor<\/strong><\/td>\n<\/tr>\n<tr>\n<td width=\"10%\">24\/02\/2021<\/td>\n<td width=\"9%\">Liquida\u00e7\u00e3o<\/td>\n<td width=\"11%\">2021NL00056<\/td>\n<td width=\"42%\">OUTROS SERVI\u00c7OS DE TERCEIROS &#8211; PESSOA F\u00cdSICA<\/td>\n<td width=\"20%\">SELMA MELO DE FARIAS<\/td>\n<td width=\"6%\">562,50<\/td>\n<\/tr>\n<tr>\n<td width=\"10%\">24\/02\/2021<\/td>\n<td width=\"9%\">Pagamento<\/td>\n<td width=\"11%\">2021NP00079<\/td>\n<td width=\"42%\">OUTROS SERVI\u00c7OS DE TERCEIROS &#8211; PESSOA F\u00cdSICA<\/td>\n<td width=\"20%\">SELMA MELO DE FARIAS<\/td>\n<td width=\"6%\">562,50<\/td>\n<\/tr>\n<\/tbody>\n<\/table>\n<p>&nbsp;<\/p>\n<div class=\"pdfprnt-buttons pdfprnt-buttons-post pdfprnt-bottom-right\"><a href=\"https:\/\/pedrovelho.rn.gov.br\/transparente\/index\/wp-json\/wp\/v2\/posts\/18826?print=pdf\" class=\"pdfprnt-button pdfprnt-button-pdf\" target=\"_blank\"><img decoding=\"async\" src=\"https:\/\/pedrovelho.rn.gov.br\/transparente\/index\/wp-content\/plugins\/pdf-print\/images\/pdf.png\" alt=\"image_pdf\" title=\"Ver PDF\" \/><\/a><a href=\"https:\/\/pedrovelho.rn.gov.br\/transparente\/index\/wp-json\/wp\/v2\/posts\/18826?print=print\" class=\"pdfprnt-button pdfprnt-button-print\" target=\"_blank\"><img decoding=\"async\" src=\"https:\/\/pedrovelho.rn.gov.br\/transparente\/index\/wp-content\/plugins\/pdf-print\/images\/print.png\" alt=\"image_print\" title=\"Conte\u00fado de impress\u00e3o\" \/><\/a><\/div><div style=\"margin: 20px 0;\"><div class=\"qrcswholewtapper\" style=\"text-align:left;\"><div class=\"qrcprowrapper\"  id=\"qrcwraa2leds\"><div class=\"qrc_canvass\" id=\"qrc_cuttenpages_2\" style=\"display:inline-block\" data-text=\"https:\/\/pedrovelho.rn.gov.br\/transparente\/index\/empenhos-emitidos-fevereiro-2021-selma-melo-de-farias\/\"><\/div><\/div><\/div><\/div>","protected":false},"excerpt":{"rendered":"<p>Total Pago em Fevereiro de 2021 R$ 2.918.766,91 Favorecido:\u00a0##1.960.724-## &#8211; SELMA MELO DE FARIAS R$ 1.125,00 Despesa:\u00a0OUTROS SERVI\u00c7OS DE TERCEIROS &#8211; PESSOA F\u00cdSICA R$ 1.125,00 Unidade Gestora:\u00a008 &#8211; SECRETARIA MUNICIPAL DE EDUCA\u00c7\u00c3O R$ 1.125,00 Gest\u00e3o:\u00a0001 &#8211; SECRETARIA MUNICIAL DE EDUCA\u00c7\u00c3O R$ 1.125,00 &nbsp; Informa\u00e7\u00f5es Gerais Fase: EMPENHO &nbsp; &nbsp; Documento: 2021NE104001 Tipo de Documento: Nota [&hellip;]<\/p>\n","protected":false},"author":1,"featured_media":0,"comment_status":"closed","ping_status":"closed","sticky":false,"template":"","format":"standard","meta":{"_et_pb_use_builder":"","_et_pb_old_content":"","_et_gb_content_width":"","footnotes":""},"categories":[163],"tags":[],"class_list":["post-18826","post","type-post","status-publish","format-standard","hentry","category-detalhamento-da-despesa"],"_links":{"self":[{"href":"https:\/\/pedrovelho.rn.gov.br\/transparente\/index\/wp-json\/wp\/v2\/posts\/18826","targetHints":{"allow":["GET"]}}],"collection":[{"href":"https:\/\/pedrovelho.rn.gov.br\/transparente\/index\/wp-json\/wp\/v2\/posts"}],"about":[{"href":"https:\/\/pedrovelho.rn.gov.br\/transparente\/index\/wp-json\/wp\/v2\/types\/post"}],"author":[{"embeddable":true,"href":"https:\/\/pedrovelho.rn.gov.br\/transparente\/index\/wp-json\/wp\/v2\/users\/1"}],"replies":[{"embeddable":true,"href":"https:\/\/pedrovelho.rn.gov.br\/transparente\/index\/wp-json\/wp\/v2\/comments?post=18826"}],"version-history":[{"count":2,"href":"https:\/\/pedrovelho.rn.gov.br\/transparente\/index\/wp-json\/wp\/v2\/posts\/18826\/revisions"}],"predecessor-version":[{"id":18828,"href":"https:\/\/pedrovelho.rn.gov.br\/transparente\/index\/wp-json\/wp\/v2\/posts\/18826\/revisions\/18828"}],"wp:attachment":[{"href":"https:\/\/pedrovelho.rn.gov.br\/transparente\/index\/wp-json\/wp\/v2\/media?parent=18826"}],"wp:term":[{"taxonomy":"category","embeddable":true,"href":"https:\/\/pedrovelho.rn.gov.br\/transparente\/index\/wp-json\/wp\/v2\/categories?post=18826"},{"taxonomy":"post_tag","embeddable":true,"href":"https:\/\/pedrovelho.rn.gov.br\/transparente\/index\/wp-json\/wp\/v2\/tags?post=18826"}],"curies":[{"name":"wp","href":"https:\/\/api.w.org\/{rel}","templated":true}]}}