{"id":19471,"date":"2021-10-13T18:08:20","date_gmt":"2021-10-13T18:08:20","guid":{"rendered":"https:\/\/pedrovelho.rn.gov.br\/transparente\/index\/?p=19471"},"modified":"2021-10-13T18:08:20","modified_gmt":"2021-10-13T18:08:20","slug":"empenho-emitido-abril-2021-20-rod-mais-locacoes-e-servicos-eireli","status":"publish","type":"post","link":"https:\/\/pedrovelho.rn.gov.br\/transparente\/index\/empenho-emitido-abril-2021-20-rod-mais-locacoes-e-servicos-eireli\/","title":{"rendered":"Empenho Emitido \u2013 Abril 2021 &#8211; 20 &#8211; ROD MAIS LOCACOES E SERVICOS EIRELI"},"content":{"rendered":"<table width=\"100%\">\n<tbody>\n<tr>\n<td width=\"86%\"><strong>Total Pago em Abril de 2021<\/strong><\/td>\n<td width=\"3%\">R$<\/td>\n<td width=\"9%\"><strong>3.469.619,74<\/strong><\/td>\n<\/tr>\n<tr>\n<td width=\"86%\">Favorecido:\u00a0<strong>32.397.512\/0001-20 &#8211; ROD MAIS LOCACOES E SERVICOS EIRELI<\/strong><\/td>\n<td width=\"3%\">R$<\/td>\n<td width=\"9%\"><strong>32.470,00<\/strong><\/td>\n<\/tr>\n<tr>\n<td width=\"86%\">Despesa:\u00a0<strong>OUTROS SERVI\u00c7OS DE TERCEIROS &#8211; PESSOA JUR\u00cdDICA<\/strong><\/td>\n<td width=\"3%\">R$<\/td>\n<td width=\"9%\"><strong>32.470,00<\/strong><\/td>\n<\/tr>\n<tr>\n<td width=\"86%\">Unidade Gestora:\u00a0<strong>06 &#8211; SECRETARIA MUNICIPAL DE SA\u00daDE<\/strong><\/td>\n<td width=\"3%\">R$<\/td>\n<td width=\"9%\"><strong>19.500,00<\/strong><\/td>\n<\/tr>\n<tr>\n<td width=\"86%\">Gest\u00e3o:\u00a0<strong>002 &#8211; FUNDO MUNICIPAL DE SA\u00daDE<\/strong><\/td>\n<td width=\"3%\">R$<\/td>\n<td width=\"9%\"><strong>19.500,00<\/strong><\/td>\n<\/tr>\n<\/tbody>\n<\/table>\n<p>&nbsp;<\/p>\n<p><strong>Informa\u00e7\u00f5es Gerais<\/strong><\/p>\n<table width=\"100%\">\n<tbody>\n<tr>\n<td width=\"16%\"><strong>Fase:<\/strong><\/td>\n<td width=\"24%\"><strong>EMPENHO<\/strong><\/td>\n<td width=\"33%\">&nbsp;<\/td>\n<td width=\"25%\">&nbsp;<\/td>\n<\/tr>\n<tr>\n<td width=\"16%\"><strong>Documento:<\/strong><\/td>\n<td width=\"24%\"><strong>2021NE319001<\/strong><\/td>\n<td width=\"33%\"><strong>Tipo de Documento:<\/strong><\/td>\n<td width=\"25%\">Nota de Empenho<\/td>\n<\/tr>\n<tr>\n<td width=\"16%\"><strong>Data:<\/strong><\/td>\n<td width=\"24%\">19\/03\/2021<\/td>\n<td width=\"33%\">&nbsp;<\/td>\n<td width=\"25%\">&nbsp;<\/td>\n<\/tr>\n<tr>\n<td width=\"16%\"><strong>Tipo de Empenho:<\/strong><\/td>\n<td width=\"24%\">Ordin\u00e1rio<\/td>\n<td width=\"33%\"><strong>Esp\u00e9cie de Empenho:<\/strong><\/td>\n<td width=\"25%\">Original<\/td>\n<\/tr>\n<tr>\n<td width=\"16%\"><strong>Unidade Gestora:<\/strong><\/td>\n<td colspan=\"3\" width=\"83%\">06\u00a0\u00a0&#8211;\u00a0\u00a0SECRETARIA MUNICIPAL DE SA\u00daDE<\/td>\n<\/tr>\n<tr>\n<td width=\"16%\"><strong>Gest\u00e3o:<\/strong><\/td>\n<td colspan=\"3\" width=\"83%\">002\u00a0\u00a0&#8211;\u00a0\u00a0FUNDO MUNICIPAL DE SA\u00daDE<\/td>\n<\/tr>\n<tr>\n<td width=\"16%\"><strong>Favorecido:<\/strong><\/td>\n<td colspan=\"3\" width=\"83%\">32.397.512\/0001-20\u00a0\u00a0&#8211;\u00a0\u00a0ROD MAIS LOCACOES E SERVICOS EIRELI<\/td>\n<\/tr>\n<tr>\n<td width=\"16%\"><strong>Valor:<\/strong><\/td>\n<td width=\"24%\">13.020,00<\/td>\n<td width=\"33%\"><\/td>\n<td width=\"25%\"><\/td>\n<\/tr>\n<\/tbody>\n<\/table>\n<p>&nbsp;<\/p>\n<p><strong>Detalhamento<\/strong><\/p>\n<table width=\"100%\">\n<tbody>\n<tr>\n<td width=\"16%\"><strong>Observa\u00e7\u00e3o do Documento:<\/strong><\/td>\n<td colspan=\"3\" width=\"83%\">CONTRATA\u00c7\u00c3O DE EMPRESA ESPECIALIZADA NA PRESTA\u00c7\u00c3O DE SERVI\u00c7OS DE LOCA\u00c7\u00c3O DE VE\u00cdCULOS, SEM MOTORISTA, POR QUILOMETRAGEM LIVRE, VISANDO ATENDER A TODA A DEMANDA DO PODER EXECUTIVO MUNICIPAL, BEM COMO SERVI\u00c7OS ESSENCIAIS PRESTADOS A POPULA\u00c7\u00c3O DESTE MUNIC\u00cdPIO<\/td>\n<\/tr>\n<tr>\n<td width=\"16%\"><strong>Esfera:<\/strong><\/td>\n<td colspan=\"3\" width=\"83%\">Seguridade Social<\/td>\n<\/tr>\n<tr>\n<td width=\"16%\"><strong>Fonte de Recurso:<\/strong><\/td>\n<td colspan=\"3\" width=\"83%\">12140000\u00a0\u00a0&#8211;\u00a0\u00a0Transf. Fundo a Fundo de Rec. do SUS provenientes do Governo Federal &#8211; Bloco de Manut. das A\u00e7\u00f5es e Servi\u00e7os P\u00fablicos de Sa\u00fade<\/td>\n<\/tr>\n<tr>\n<td colspan=\"4\" width=\"100%\"><strong>Funcional Program\u00e1tica<\/strong><\/td>\n<\/tr>\n<tr>\n<td width=\"16%\"><strong>Fun\u00e7\u00e3o:<\/strong><\/td>\n<td colspan=\"3\" width=\"83%\">10\u00a0\u00a0&#8211;\u00a0\u00a0SA\u00daDE<\/td>\n<\/tr>\n<tr>\n<td width=\"16%\"><strong>Subfun\u00e7\u00e3o:<\/strong><\/td>\n<td colspan=\"3\" width=\"83%\">302\u00a0\u00a0&#8211;\u00a0\u00a0ASSIST\u00caNCIA HOSPITALAR E AMBULATORIAL<\/td>\n<\/tr>\n<tr>\n<td width=\"16%\"><strong>Programa:<\/strong><\/td>\n<td colspan=\"3\" width=\"83%\">0083\u00a0\u00a0&#8211;\u00a0\u00a0FORTALECER A REDE DE ASSIST\u00caNCIA HOSPITALAR E AMBULATORIAL<\/td>\n<\/tr>\n<tr>\n<td width=\"16%\"><strong>A\u00e7\u00e3o:<\/strong><\/td>\n<td colspan=\"3\" width=\"83%\">2046\u00a0\u00a0&#8211;\u00a0\u00a0MANUTEN\u00c7\u00c3O DO TETO FINANCEIRO DA M\u00c9DIA E ALTA COMPLEXIDADE &#8211; MAC\/AIH<\/td>\n<\/tr>\n<tr>\n<td width=\"16%\"><strong>Categoria de Despesa:<\/strong><\/td>\n<td width=\"25%\">3\u00a0\u00a0&#8211;\u00a0\u00a0Despesas Correntes<\/td>\n<td width=\"22%\"><strong>Grupo de Despesa:<\/strong><\/td>\n<td width=\"35%\">3\u00a0\u00a0&#8211;\u00a0\u00a0OUTRAS DESPESAS CORRENTES<\/td>\n<\/tr>\n<tr>\n<td width=\"16%\"><strong>Modalidade de Aplica\u00e7\u00e3o:<\/strong><\/td>\n<td colspan=\"3\" width=\"83%\">90\u00a0\u00a0&#8211;\u00a0\u00a0APLICA\u00c7\u00d5ES DIRETAS<\/td>\n<\/tr>\n<tr>\n<td width=\"16%\"><strong>Elemento de Despesa:<\/strong><\/td>\n<td colspan=\"3\" width=\"83%\">39\u00a0\u00a0&#8211;\u00a0\u00a0OUTROS SERVI\u00c7OS DE TERCEIROS &#8211; PESSOA JUR\u00cdDICA<\/td>\n<\/tr>\n<tr>\n<td width=\"16%\"><strong>Processo N\u00ba:<\/strong><\/td>\n<td width=\"25%\">662\/2020<\/td>\n<td width=\"22%\">&nbsp;<\/td>\n<td width=\"35%\">&nbsp;<\/td>\n<\/tr>\n<tr>\n<td width=\"16%\"><strong>Modalidade da Licita\u00e7\u00e3o:<\/strong><\/td>\n<td width=\"25%\">Preg\u00e3o\/Ades\u00e3o<\/td>\n<td width=\"22%\"><strong>N\u00ba Certame:<\/strong><\/td>\n<td width=\"35%\">0\/\u00a00<\/td>\n<\/tr>\n<tr>\n<td width=\"16%\"><strong>Fundamenta\u00e7\u00e3o da Licita\u00e7\u00e3o:<\/strong><\/td>\n<td colspan=\"3\" width=\"83%\">Lei Federal 10.520 de 17\/07\/2002<\/td>\n<\/tr>\n<tr>\n<td width=\"16%\"><strong>Data da Homologa\u00e7\u00e3o:<\/strong><\/td>\n<td width=\"25%\"><\/td>\n<td width=\"22%\"><strong>Data da Publica\u00e7\u00e3o:<\/strong><\/td>\n<td width=\"35%\"><\/td>\n<\/tr>\n<\/tbody>\n<\/table>\n<p>&nbsp;<\/p>\n<p><strong>Especifica\u00e7\u00e3o da Despesa<\/strong><\/p>\n<table width=\"100%\">\n<tbody>\n<tr>\n<td width=\"76%\"><strong>Item<\/strong><\/td>\n<td width=\"6%\"><strong>Quantidade<\/strong><\/td>\n<td width=\"6%\"><strong>Unidade Medida<\/strong><\/td>\n<td width=\"5%\"><strong>Valor Unit\u00e1rio<\/strong><\/td>\n<td width=\"5%\"><strong>Valor Total<\/strong><\/td>\n<\/tr>\n<tr>\n<td width=\"76%\">LOCA\u00c7\u00c3O DE VE\u00cdCULO AUTOMOTOR, TIPO AMBUL\u00c2NCIA SIMPLES REMO\u00c7\u00c3O TIPO A, FURG\u00c3O ORIGINAL DE F\u00c1BRICA, ADAPTADO PARA AMBUL\u00c2NCIA SIMPLES REMO\u00c7\u00c3O, COM CAPACIDADE VOLUME N\u00c3O INFERIOR A 07 (SETE) METROS C\u00daBICOS NO TOTAL DO COMPARTIMENTO TRASEIRO, ADAPTADO COMO AMBUL\u00c2NCIA SUPORTE B\u00c1SICO DE VIDA (TIPO A), CONFORME PORTARIA 2048\/2002 DO MINIST\u00c9RIO DA SA\u00daDE. DIRE\u00c7\u00c3O HIDR\u00c1ULICA\/EL\u00c9TRICA, AR CONDICIONADO, VIDROS E TRAVAS EL\u00c9TRICAS , ANO\/MODELO 2018\/2018, POT\u00caNCIA MIN\u00cdMA 1.8, COMBUST\u00cdVEL GASOLINA E \u00c1LCOOL (FLEX) SEM MOTORISTA, SEM COMBUSTIV\u00c9L, DOCUMENTA\u00c7\u00c3O REGULAR, COM SEGURO TOTAL, COM TODOS OS COMPONENTES DE SEGURAN\u00c7A EXIGIDOS PELO CONTRAN. O V\u00c9ICULO DEVER\u00c1 SER ENTREGUE COM TODOS OS EQUIPAMENTOS OBRIGAT\u00d3RIOS ESTABELECIDOS PELA LEGISLA\u00c7\u00c3O DE TR\u00c2NSITO BRASILEIROS, E CARACTERIZADOS POR GRAFISMOS ESTABELECIDOS PELO MUNIC\u00cdPIO. ADESIVADO ( TIPO VINIL) CONFORME PADR\u00c3O DA PREFEITURA MUNICIPAL, DE PEDRO VELHO\/RN. COM SINALIZADOR \u00d3PTICO E AC\u00daSTICO, EQUIPAMENTO DE RADIOCOMUNICA\u00c7\u00c3, MACA COM RODAS, SUPORTE PARA SORO E OXIG\u00caNIO MEDICINAL<\/td>\n<td width=\"6%\">3,00<\/td>\n<td width=\"6%\">UNIDADE<\/td>\n<td width=\"5%\">4.340,00<\/td>\n<td width=\"5%\">13.020,00<\/td>\n<\/tr>\n<\/tbody>\n<\/table>\n<p>&nbsp;<\/p>\n<p><strong>Movimentos<\/strong><\/p>\n<table width=\"100%\">\n<tbody>\n<tr>\n<td width=\"8%\"><strong>Data<\/strong><\/td>\n<td width=\"7%\"><strong>Fase<\/strong><\/td>\n<td width=\"9%\"><strong>Documento<\/strong><\/td>\n<td width=\"37%\"><strong>Elemento de Despesa<\/strong><\/td>\n<td width=\"28%\"><strong>Favorecido<\/strong><\/td>\n<td width=\"7%\"><strong>Valor<\/strong><\/td>\n<\/tr>\n<tr>\n<td width=\"8%\">08\/04\/2021<\/td>\n<td width=\"7%\">Pagamento<\/td>\n<td width=\"9%\">2021NP00309<\/td>\n<td width=\"37%\">OUTROS SERVI\u00c7OS DE TERCEIROS &#8211; PESSOA JUR\u00cdDICA<\/td>\n<td width=\"28%\">ROD MAIS LOCACOES E SERVICOS EIRELI<\/td>\n<td width=\"7%\">13.020,00<\/td>\n<\/tr>\n<\/tbody>\n<\/table>\n<p>&nbsp;<\/p>\n<div class=\"pdfprnt-buttons pdfprnt-buttons-post pdfprnt-bottom-right\"><a href=\"https:\/\/pedrovelho.rn.gov.br\/transparente\/index\/wp-json\/wp\/v2\/posts\/19471?print=pdf\" class=\"pdfprnt-button pdfprnt-button-pdf\" target=\"_blank\"><img decoding=\"async\" src=\"https:\/\/pedrovelho.rn.gov.br\/transparente\/index\/wp-content\/plugins\/pdf-print\/images\/pdf.png\" alt=\"image_pdf\" title=\"Ver PDF\" \/><\/a><a href=\"https:\/\/pedrovelho.rn.gov.br\/transparente\/index\/wp-json\/wp\/v2\/posts\/19471?print=print\" class=\"pdfprnt-button pdfprnt-button-print\" target=\"_blank\"><img decoding=\"async\" src=\"https:\/\/pedrovelho.rn.gov.br\/transparente\/index\/wp-content\/plugins\/pdf-print\/images\/print.png\" alt=\"image_print\" title=\"Conte\u00fado de impress\u00e3o\" \/><\/a><\/div><div style=\"margin: 20px 0;\"><div class=\"qrcswholewtapper\" style=\"text-align:left;\"><div class=\"qrcprowrapper\"  id=\"qrcwraa2leds\"><div class=\"qrc_canvass\" id=\"qrc_cuttenpages_2\" style=\"display:inline-block\" data-text=\"https:\/\/pedrovelho.rn.gov.br\/transparente\/index\/empenho-emitido-abril-2021-20-rod-mais-locacoes-e-servicos-eireli\/\"><\/div><\/div><\/div><\/div>","protected":false},"excerpt":{"rendered":"<p>Total Pago em Abril de 2021 R$ 3.469.619,74 Favorecido:\u00a032.397.512\/0001-20 &#8211; ROD MAIS LOCACOES E SERVICOS EIRELI R$ 32.470,00 Despesa:\u00a0OUTROS SERVI\u00c7OS DE TERCEIROS &#8211; PESSOA JUR\u00cdDICA R$ 32.470,00 Unidade Gestora:\u00a006 &#8211; SECRETARIA MUNICIPAL DE SA\u00daDE R$ 19.500,00 Gest\u00e3o:\u00a0002 &#8211; FUNDO MUNICIPAL DE SA\u00daDE R$ 19.500,00 &nbsp; Informa\u00e7\u00f5es Gerais Fase: EMPENHO &nbsp; &nbsp; Documento: 2021NE319001 Tipo de [&hellip;]<\/p>\n","protected":false},"author":1,"featured_media":0,"comment_status":"closed","ping_status":"closed","sticky":false,"template":"","format":"standard","meta":{"_et_pb_use_builder":"","_et_pb_old_content":"","_et_gb_content_width":"","footnotes":""},"categories":[163],"tags":[],"class_list":["post-19471","post","type-post","status-publish","format-standard","hentry","category-detalhamento-da-despesa"],"_links":{"self":[{"href":"https:\/\/pedrovelho.rn.gov.br\/transparente\/index\/wp-json\/wp\/v2\/posts\/19471","targetHints":{"allow":["GET"]}}],"collection":[{"href":"https:\/\/pedrovelho.rn.gov.br\/transparente\/index\/wp-json\/wp\/v2\/posts"}],"about":[{"href":"https:\/\/pedrovelho.rn.gov.br\/transparente\/index\/wp-json\/wp\/v2\/types\/post"}],"author":[{"embeddable":true,"href":"https:\/\/pedrovelho.rn.gov.br\/transparente\/index\/wp-json\/wp\/v2\/users\/1"}],"replies":[{"embeddable":true,"href":"https:\/\/pedrovelho.rn.gov.br\/transparente\/index\/wp-json\/wp\/v2\/comments?post=19471"}],"version-history":[{"count":1,"href":"https:\/\/pedrovelho.rn.gov.br\/transparente\/index\/wp-json\/wp\/v2\/posts\/19471\/revisions"}],"predecessor-version":[{"id":19472,"href":"https:\/\/pedrovelho.rn.gov.br\/transparente\/index\/wp-json\/wp\/v2\/posts\/19471\/revisions\/19472"}],"wp:attachment":[{"href":"https:\/\/pedrovelho.rn.gov.br\/transparente\/index\/wp-json\/wp\/v2\/media?parent=19471"}],"wp:term":[{"taxonomy":"category","embeddable":true,"href":"https:\/\/pedrovelho.rn.gov.br\/transparente\/index\/wp-json\/wp\/v2\/categories?post=19471"},{"taxonomy":"post_tag","embeddable":true,"href":"https:\/\/pedrovelho.rn.gov.br\/transparente\/index\/wp-json\/wp\/v2\/tags?post=19471"}],"curies":[{"name":"wp","href":"https:\/\/api.w.org\/{rel}","templated":true}]}}