{"id":21087,"date":"2021-12-22T17:47:07","date_gmt":"2021-12-22T17:47:07","guid":{"rendered":"https:\/\/pedrovelho.rn.gov.br\/transparente\/index\/?p=21087"},"modified":"2021-12-22T17:47:07","modified_gmt":"2021-12-22T17:47:07","slug":"empenhos-emitidos-liquidados-e-pagos-agosto-2021-hermano-augusto-da-almeida","status":"publish","type":"post","link":"https:\/\/pedrovelho.rn.gov.br\/transparente\/index\/empenhos-emitidos-liquidados-e-pagos-agosto-2021-hermano-augusto-da-almeida\/","title":{"rendered":"Empenhos Emitidos, liquidados e Pagos\/ Agosto 2021 &#8211; HERMANO AUGUSTO DA ALMEIDA"},"content":{"rendered":"<table width=\"100%\">\n<tbody>\n<tr>\n<td width=\"83%\"><strong>Total Pago em Agosto de 2021<\/strong><\/td>\n<td width=\"4%\">R$<\/td>\n<td width=\"11%\"><strong>4.499.725,58<\/strong><\/td>\n<\/tr>\n<tr>\n<td width=\"83%\">Favorecido:\u00a0<strong>##2.424.894-## &#8211; HERMANO AUGUSTO DA ALMEIDA<\/strong><\/td>\n<td width=\"4%\">R$<\/td>\n<td width=\"11%\"><strong>6.000,00<\/strong><\/td>\n<\/tr>\n<tr>\n<td width=\"83%\">Despesa:\u00a0<strong>OUTROS SERVI\u00c7OS DE TERCEIROS &#8211; PESSOA F\u00cdSICA<\/strong><\/td>\n<td width=\"4%\">R$<\/td>\n<td width=\"11%\"><strong>6.000,00<\/strong><\/td>\n<\/tr>\n<tr>\n<td width=\"83%\">Unidade Gestora:\u00a0<strong>06 &#8211; SECRETARIA MUNICIPAL DE SA\u00daDE<\/strong><\/td>\n<td width=\"4%\">R$<\/td>\n<td width=\"11%\"><strong>6.000,00<\/strong><\/td>\n<\/tr>\n<tr>\n<td width=\"83%\">Gest\u00e3o:\u00a0<strong>002 &#8211; FUNDO MUNICIPAL DE SA\u00daDE<\/strong><\/td>\n<td width=\"4%\">R$<\/td>\n<td width=\"11%\"><strong>6.000,00<\/strong><\/td>\n<\/tr>\n<\/tbody>\n<\/table>\n<p>&nbsp;<\/p>\n<p><strong>Informa\u00e7\u00f5es Gerais<\/strong><\/p>\n<table width=\"100%\">\n<tbody>\n<tr>\n<td width=\"20%\"><strong>Fase:<\/strong><\/td>\n<td width=\"23%\"><strong>EMPENHO<\/strong><\/td>\n<td width=\"31%\">&nbsp;<\/td>\n<td width=\"24%\">&nbsp;<\/td>\n<\/tr>\n<tr>\n<td width=\"20%\"><strong>Documento:<\/strong><\/td>\n<td width=\"23%\"><strong>2021NE301001<\/strong><\/td>\n<td width=\"31%\"><strong>Tipo de Documento:<\/strong><\/td>\n<td width=\"24%\">Nota de Empenho<\/td>\n<\/tr>\n<tr>\n<td width=\"20%\"><strong>Data:<\/strong><\/td>\n<td width=\"23%\">01\/03\/2021<\/td>\n<td width=\"31%\">&nbsp;<\/td>\n<td width=\"24%\">&nbsp;<\/td>\n<\/tr>\n<tr>\n<td width=\"20%\"><strong>Tipo de Empenho:<\/strong><\/td>\n<td width=\"23%\">Global<\/td>\n<td width=\"31%\"><strong>Esp\u00e9cie de Empenho:<\/strong><\/td>\n<td width=\"24%\">Original<\/td>\n<\/tr>\n<tr>\n<td width=\"20%\"><strong>Unidade Gestora:<\/strong><\/td>\n<td colspan=\"3\" width=\"79%\">06\u00a0\u00a0&#8211;\u00a0\u00a0SECRETARIA MUNICIPAL DE SA\u00daDE<\/td>\n<\/tr>\n<tr>\n<td width=\"20%\"><strong>Gest\u00e3o:<\/strong><\/td>\n<td colspan=\"3\" width=\"79%\">002\u00a0\u00a0&#8211;\u00a0\u00a0FUNDO MUNICIPAL DE SA\u00daDE<\/td>\n<\/tr>\n<tr>\n<td width=\"20%\"><strong>Favorecido:<\/strong><\/td>\n<td colspan=\"3\" width=\"79%\">##2.424.894-##\u00a0\u00a0&#8211;\u00a0\u00a0HERMANO AUGUSTO DA ALMEIDA<\/td>\n<\/tr>\n<tr>\n<td width=\"20%\"><strong>Valor:<\/strong><\/td>\n<td width=\"23%\">30.000,00<\/td>\n<td width=\"31%\"><\/td>\n<td width=\"24%\"><\/td>\n<\/tr>\n<\/tbody>\n<\/table>\n<p>&nbsp;<\/p>\n<p><strong>Detalhamento<\/strong><\/p>\n<table width=\"100%\">\n<tbody>\n<tr>\n<td width=\"19%\"><strong>Observa\u00e7\u00e3o do Documento:<\/strong><\/td>\n<td colspan=\"3\" width=\"80%\">LOCA\u00c7\u00c3O DE IMOV\u00c9L PARA FUNCIONAMENTO DE UBS (UNIDADE BASICA DE SA\u00daDE) CENTRO II.<\/td>\n<\/tr>\n<tr>\n<td width=\"19%\"><strong>Esfera:<\/strong><\/td>\n<td colspan=\"3\" width=\"80%\">Seguridade Social<\/td>\n<\/tr>\n<tr>\n<td width=\"19%\"><strong>Fonte de Recurso:<\/strong><\/td>\n<td colspan=\"3\" width=\"80%\">12140000\u00a0\u00a0&#8211;\u00a0\u00a0Transf. Fundo a Fundo de Rec. do SUS provenientes do Governo Federal &#8211; Bloco de Manut. das A\u00e7\u00f5es e Servi\u00e7os P\u00fablicos de Sa\u00fade<\/td>\n<\/tr>\n<tr>\n<td colspan=\"4\" width=\"100%\"><strong>Funcional Program\u00e1tica<\/strong><\/td>\n<\/tr>\n<tr>\n<td width=\"19%\"><strong>Fun\u00e7\u00e3o:<\/strong><\/td>\n<td colspan=\"3\" width=\"80%\">10\u00a0\u00a0&#8211;\u00a0\u00a0SA\u00daDE<\/td>\n<\/tr>\n<tr>\n<td width=\"19%\"><strong>Subfun\u00e7\u00e3o:<\/strong><\/td>\n<td colspan=\"3\" width=\"80%\">301\u00a0\u00a0&#8211;\u00a0\u00a0ATEN\u00c7\u00c3O B\u00c1SICA<\/td>\n<\/tr>\n<tr>\n<td width=\"19%\"><strong>Programa:<\/strong><\/td>\n<td colspan=\"3\" width=\"80%\">0080\u00a0\u00a0&#8211;\u00a0\u00a0FORTALECIMENTO DO ACESSO E MELHORIA DA ATEN\u00c7\u00c3O INTEGRAL \u00c0 SA\u00daDE<\/td>\n<\/tr>\n<tr>\n<td width=\"19%\"><strong>A\u00e7\u00e3o:<\/strong><\/td>\n<td colspan=\"3\" width=\"80%\">2039\u00a0\u00a0&#8211;\u00a0\u00a0MANUTEN\u00c7\u00c3O DAS ATIVIDADES DA ESTRAT\u00c9GIA DA SA\u00daDE DA FAM\u00cdLIA &#8211; ESF<\/td>\n<\/tr>\n<tr>\n<td width=\"19%\"><strong>Categoria de Despesa:<\/strong><\/td>\n<td width=\"23%\">3\u00a0\u00a0&#8211;\u00a0\u00a0Despesas Correntes<\/td>\n<td width=\"21%\"><strong>Grupo de Despesa:<\/strong><\/td>\n<td width=\"35%\">3\u00a0\u00a0&#8211;\u00a0\u00a0OUTRAS DESPESAS CORRENTES<\/td>\n<\/tr>\n<tr>\n<td width=\"19%\"><strong>Modalidade de Aplica\u00e7\u00e3o:<\/strong><\/td>\n<td colspan=\"3\" width=\"80%\">90\u00a0\u00a0&#8211;\u00a0\u00a0APLICA\u00c7\u00d5ES DIRETAS<\/td>\n<\/tr>\n<tr>\n<td width=\"19%\"><strong>Elemento de Despesa:<\/strong><\/td>\n<td colspan=\"3\" width=\"80%\">36\u00a0\u00a0&#8211;\u00a0\u00a0OUTROS SERVI\u00c7OS DE TERCEIROS &#8211; PESSOA F\u00cdSICA<\/td>\n<\/tr>\n<tr>\n<td width=\"19%\"><strong>Processo N\u00ba:<\/strong><\/td>\n<td width=\"23%\">274\/2021<\/td>\n<td width=\"21%\">&nbsp;<\/td>\n<td width=\"35%\">&nbsp;<\/td>\n<\/tr>\n<tr>\n<td width=\"19%\"><strong>Modalidade da Licita\u00e7\u00e3o:<\/strong><\/td>\n<td width=\"23%\">Dispensa<\/td>\n<td width=\"21%\"><strong>N\u00ba Certame:<\/strong><\/td>\n<td width=\"35%\">0\/\u00a00<\/td>\n<\/tr>\n<tr>\n<td width=\"19%\"><strong>Fundamenta\u00e7\u00e3o da Licita\u00e7\u00e3o:<\/strong><\/td>\n<td colspan=\"3\" width=\"80%\">Art. 24, Inc. X da Lei Federal 8.666\/93<\/td>\n<\/tr>\n<tr>\n<td width=\"19%\"><strong>Data da Homologa\u00e7\u00e3o:<\/strong><\/td>\n<td width=\"23%\"><\/td>\n<td width=\"21%\"><strong>Data da Publica\u00e7\u00e3o:<\/strong><\/td>\n<td width=\"35%\"><\/td>\n<\/tr>\n<\/tbody>\n<\/table>\n<p>&nbsp;<\/p>\n<p><strong>Especifica\u00e7\u00e3o da Despesa<\/strong><\/p>\n<table width=\"100%\">\n<tbody>\n<tr>\n<td width=\"58%\"><strong>Item<\/strong><\/td>\n<td width=\"12%\"><strong>Quantidade<\/strong><\/td>\n<td width=\"9%\"><strong>Unidade Medida<\/strong><\/td>\n<td width=\"9%\"><strong>Valor Unit\u00e1rio<\/strong><\/td>\n<td width=\"10%\"><strong>Valor Total<\/strong><\/td>\n<\/tr>\n<tr>\n<td width=\"58%\">LOCA\u00c7\u00c3O DE IMOV\u00c9L PARA O FUNCIONAMENTO DA UBS (UNIDADE B\u00c1SICA DE SA\u00daDE) &#8211; CENTRO II<\/td>\n<td width=\"12%\">10,00<\/td>\n<td width=\"9%\">SERVI\u00c7O<\/td>\n<td width=\"9%\">3.000,00<\/td>\n<td width=\"10%\">30.000,00<\/td>\n<\/tr>\n<\/tbody>\n<\/table>\n<p>&nbsp;<\/p>\n<p><strong>Movimentos<\/strong><\/p>\n<table width=\"100%\">\n<tbody>\n<tr>\n<td width=\"11%\"><strong>Data<\/strong><\/td>\n<td width=\"11%\"><strong>Fase<\/strong><\/td>\n<td width=\"13%\"><strong>Documento<\/strong><\/td>\n<td width=\"34%\"><strong>Elemento de Despesa<\/strong><\/td>\n<td width=\"20%\"><strong>Favorecido<\/strong><\/td>\n<td width=\"9%\"><strong>Valor<\/strong><\/td>\n<\/tr>\n<tr>\n<td width=\"11%\">05\/08\/2021<\/td>\n<td width=\"11%\">Liquida\u00e7\u00e3o<\/td>\n<td width=\"13%\">2021NL00488<\/td>\n<td width=\"34%\">OUTROS SERVI\u00c7OS DE TERCEIROS &#8211; PESSOA F\u00cdSICA<\/td>\n<td width=\"20%\">HERMANO AUGUSTO DA ALMEIDA<\/td>\n<td width=\"9%\">3.000,00<\/td>\n<\/tr>\n<tr>\n<td width=\"11%\">06\/08\/2021<\/td>\n<td width=\"11%\">Pagamento<\/td>\n<td width=\"13%\">2021NP00682<\/td>\n<td width=\"34%\">OUTROS SERVI\u00c7OS DE TERCEIROS &#8211; PESSOA F\u00cdSICA<\/td>\n<td width=\"20%\">HERMANO AUGUSTO DA ALMEIDA<\/td>\n<td width=\"9%\">3.000,00<\/td>\n<\/tr>\n<tr>\n<td width=\"11%\">12\/08\/2021<\/td>\n<td width=\"11%\">Pagamento<\/td>\n<td width=\"13%\">2021NP00697<\/td>\n<td width=\"34%\">OUTROS SERVI\u00c7OS DE TERCEIROS &#8211; PESSOA F\u00cdSICA<\/td>\n<td width=\"20%\">HERMANO AUGUSTO DA ALMEIDA<\/td>\n<td width=\"9%\">3.000,00<\/td>\n<\/tr>\n<\/tbody>\n<\/table>\n<p>&nbsp;<\/p>\n<div class=\"pdfprnt-buttons pdfprnt-buttons-post pdfprnt-bottom-right\"><a href=\"https:\/\/pedrovelho.rn.gov.br\/transparente\/index\/wp-json\/wp\/v2\/posts\/21087?print=pdf\" class=\"pdfprnt-button pdfprnt-button-pdf\" target=\"_blank\"><img decoding=\"async\" src=\"https:\/\/pedrovelho.rn.gov.br\/transparente\/index\/wp-content\/plugins\/pdf-print\/images\/pdf.png\" alt=\"image_pdf\" title=\"Ver PDF\" \/><\/a><a href=\"https:\/\/pedrovelho.rn.gov.br\/transparente\/index\/wp-json\/wp\/v2\/posts\/21087?print=print\" class=\"pdfprnt-button pdfprnt-button-print\" target=\"_blank\"><img decoding=\"async\" src=\"https:\/\/pedrovelho.rn.gov.br\/transparente\/index\/wp-content\/plugins\/pdf-print\/images\/print.png\" alt=\"image_print\" title=\"Conte\u00fado de impress\u00e3o\" \/><\/a><\/div><div style=\"margin: 20px 0;\"><div class=\"qrcswholewtapper\" style=\"text-align:left;\"><div class=\"qrcprowrapper\"  id=\"qrcwraa2leds\"><div class=\"qrc_canvass\" id=\"qrc_cuttenpages_2\" style=\"display:inline-block\" data-text=\"https:\/\/pedrovelho.rn.gov.br\/transparente\/index\/empenhos-emitidos-liquidados-e-pagos-agosto-2021-hermano-augusto-da-almeida\/\"><\/div><\/div><\/div><\/div>","protected":false},"excerpt":{"rendered":"<p>Total Pago em Agosto de 2021 R$ 4.499.725,58 Favorecido:\u00a0##2.424.894-## &#8211; HERMANO AUGUSTO DA ALMEIDA R$ 6.000,00 Despesa:\u00a0OUTROS SERVI\u00c7OS DE TERCEIROS &#8211; PESSOA F\u00cdSICA R$ 6.000,00 Unidade Gestora:\u00a006 &#8211; SECRETARIA MUNICIPAL DE SA\u00daDE R$ 6.000,00 Gest\u00e3o:\u00a0002 &#8211; FUNDO MUNICIPAL DE SA\u00daDE R$ 6.000,00 &nbsp; Informa\u00e7\u00f5es Gerais Fase: EMPENHO &nbsp; &nbsp; Documento: 2021NE301001 Tipo de Documento: Nota [&hellip;]<\/p>\n","protected":false},"author":1,"featured_media":0,"comment_status":"closed","ping_status":"closed","sticky":false,"template":"","format":"standard","meta":{"_et_pb_use_builder":"","_et_pb_old_content":"","_et_gb_content_width":"","footnotes":""},"categories":[163],"tags":[],"class_list":["post-21087","post","type-post","status-publish","format-standard","hentry","category-detalhamento-da-despesa"],"_links":{"self":[{"href":"https:\/\/pedrovelho.rn.gov.br\/transparente\/index\/wp-json\/wp\/v2\/posts\/21087","targetHints":{"allow":["GET"]}}],"collection":[{"href":"https:\/\/pedrovelho.rn.gov.br\/transparente\/index\/wp-json\/wp\/v2\/posts"}],"about":[{"href":"https:\/\/pedrovelho.rn.gov.br\/transparente\/index\/wp-json\/wp\/v2\/types\/post"}],"author":[{"embeddable":true,"href":"https:\/\/pedrovelho.rn.gov.br\/transparente\/index\/wp-json\/wp\/v2\/users\/1"}],"replies":[{"embeddable":true,"href":"https:\/\/pedrovelho.rn.gov.br\/transparente\/index\/wp-json\/wp\/v2\/comments?post=21087"}],"version-history":[{"count":1,"href":"https:\/\/pedrovelho.rn.gov.br\/transparente\/index\/wp-json\/wp\/v2\/posts\/21087\/revisions"}],"predecessor-version":[{"id":21088,"href":"https:\/\/pedrovelho.rn.gov.br\/transparente\/index\/wp-json\/wp\/v2\/posts\/21087\/revisions\/21088"}],"wp:attachment":[{"href":"https:\/\/pedrovelho.rn.gov.br\/transparente\/index\/wp-json\/wp\/v2\/media?parent=21087"}],"wp:term":[{"taxonomy":"category","embeddable":true,"href":"https:\/\/pedrovelho.rn.gov.br\/transparente\/index\/wp-json\/wp\/v2\/categories?post=21087"},{"taxonomy":"post_tag","embeddable":true,"href":"https:\/\/pedrovelho.rn.gov.br\/transparente\/index\/wp-json\/wp\/v2\/tags?post=21087"}],"curies":[{"name":"wp","href":"https:\/\/api.w.org\/{rel}","templated":true}]}}