{"id":21218,"date":"2021-12-23T18:43:32","date_gmt":"2021-12-23T18:43:32","guid":{"rendered":"https:\/\/pedrovelho.rn.gov.br\/transparente\/index\/?p=21218"},"modified":"2022-02-23T19:41:57","modified_gmt":"2022-02-23T19:41:57","slug":"lei-no-627-2021-loa-2022","status":"publish","type":"post","link":"https:\/\/pedrovelho.rn.gov.br\/transparente\/index\/lei-no-627-2021-loa-2022\/","title":{"rendered":"LEI N\u00ba 627\/2021 | LOA 2022"},"content":{"rendered":"<p><strong>LEI N\u00ba 627 DE 22 DE DEZEMBRO DE 2021.<\/strong><\/p>\n<p>\u201cEstima a Receita e Fixa a Despesa do Munic\u00edpio de Pedro Velho, Estado do Rio Grande do Norte, para o exerc\u00edcio financeiro de 2022 e d\u00e1 outras provid\u00eancias.\u201d<\/p>\n<p>&nbsp;<\/p>\n<p><strong>A PREFEITA CONSTITUCIONAL DO MUNIC\u00cdPIO DE PEDRO VELHO<\/strong>, Estado de Rio Grande do Norte, no uso de suas atribui\u00e7\u00f5es legais previstas na Lei Org\u00e2nica do Munic\u00edpio, fa\u00e7o saber que a C\u00e2mara Municipal aprova e eu sanciono a presente Lei:<\/p>\n<p><strong>T\u00cdTULO I<\/strong><\/p>\n<p><strong>DAS DISPOSI\u00c7\u00d5ES COMUNS<\/strong><\/p>\n<p><strong>Art. 1\u00ba &#8211;<\/strong> Esta Lei estima a Receita e Fixa a despesa do Munic\u00edpio de Pedro Velho para o exerc\u00edcio financeiro de 2022, no valor total de <strong>R$ 47.905.535,00 (Quarenta e sete milh\u00f5es, novecentos e cinco mil, quinhentos e trinta e cinco reais)<\/strong>, compreendendo:<\/p>\n<p>I \u2013 O Or\u00e7amento Fiscal, referente aos poderes do Munic\u00edpio, seus Fundos, \u00d3rg\u00e3os e Entidades da Administra\u00e7\u00e3o P\u00fablica Municipal direta e indireta, inclusive funda\u00e7\u00f5es institu\u00eddas e mantidas pelo Poder P\u00fablico;<\/p>\n<p>II \u2013 O Or\u00e7amento da Seguridade Social, abrangendo todas as entidades e \u00f3rg\u00e3os da Administra\u00e7\u00e3o direta e indireta a ele vinculadas, bem como funda\u00e7\u00f5es institu\u00eddas e mantidas pelo Poder P\u00fablico.<\/p>\n<p><strong>T\u00cdTULO II<\/strong><\/p>\n<p><strong>DO OR\u00c7AMENTO FISCAL E DA SEGURIDADE SOCIAL<\/strong><\/p>\n<p><strong>CAP\u00cdTULO I<\/strong><\/p>\n<p><strong>DA ESTIMATIVA DA RECEITA TOTAL<\/strong><\/p>\n<p><strong>Art. 2\u00ba.<\/strong> A receita ser\u00e1 realizada mediante a arrecada\u00e7\u00e3o de tributos, rendas e outras receitas correntes e de capital na forma da legisla\u00e7\u00e3o em vigor, conforme as especifica\u00e7\u00f5es constantes no anexo 2, da Lei 4.320, de 17 de mar\u00e7o de 1964.<\/p>\n<p><strong>Art. 3\u00ba.<\/strong> As receitas s\u00e3o estimadas por Categoria Econ\u00f4mica, conforme os desdobramentos.<\/p>\n<p><strong>Art. 4\u00ba.<\/strong> A receita ser\u00e1 arrecadada na forma da legisla\u00e7\u00e3o em vigor, conforme estimativa constante do seguinte desdobramento:<\/p>\n<table>\n<tbody>\n<tr>\n<td width=\"453\"><strong>ESPECIFICA\u00c7\u00c3O<\/strong><\/td>\n<td width=\"113\"><strong>VALOR (R$)<\/strong><\/td>\n<\/tr>\n<tr>\n<td width=\"453\">RECEITAS CORRENTES<\/td>\n<td width=\"113\">&nbsp;<\/td>\n<\/tr>\n<tr>\n<td width=\"453\">\u00a0 Impostos, Taxas e Contribui\u00e7\u00f5es de Melhoria<\/td>\n<td width=\"113\">1.078.540,00<\/td>\n<\/tr>\n<tr>\n<td width=\"453\">\u00a0 Contribui\u00e7\u00f5es<\/td>\n<td width=\"113\">435.000,00<\/td>\n<\/tr>\n<tr>\n<td width=\"453\">\u00a0 Receita Patrimonial<\/td>\n<td width=\"113\">24.000,00<\/td>\n<\/tr>\n<tr>\n<td width=\"453\">\u00a0 Transfer\u00eancias Correntes<\/td>\n<td width=\"113\">45.120.815,00<\/td>\n<\/tr>\n<tr>\n<td width=\"453\">\u00a0 Outras Receitas Correntes<\/td>\n<td width=\"113\">557.180,00<\/td>\n<\/tr>\n<tr>\n<td width=\"453\"><strong>TOTAL DAS RECEITAS CORRENTES<\/strong><\/td>\n<td width=\"113\"><strong>47.215.535,00<\/strong><\/td>\n<\/tr>\n<tr>\n<td width=\"453\">RECEITAS DE CAPITAL<\/td>\n<td width=\"113\">&nbsp;<\/td>\n<\/tr>\n<tr>\n<td width=\"453\">\u00a0\u00a0 Transfer\u00eancia de Capital<\/td>\n<td width=\"113\">690.000,00<\/td>\n<\/tr>\n<tr>\n<td width=\"453\"><strong>TOTAL DAS RECEITAS DE CAPITAL<\/strong><\/td>\n<td width=\"113\"><strong>690.000,00<\/strong><\/td>\n<\/tr>\n<tr>\n<td width=\"453\"><strong>\u00a0TOTAL DAS RECEITAS DA ADMINISTRA\u00c7\u00c3O MUNICIPAL<\/strong><\/td>\n<td width=\"113\"><strong>47.905.535,00<\/strong><\/td>\n<\/tr>\n<\/tbody>\n<\/table>\n<p>&nbsp;<\/p>\n<p><strong>CAP\u00cdTULO II<\/strong><\/p>\n<p><strong>DA FIXA\u00c7\u00c3O DA DESPESA TOTAL<\/strong><\/p>\n<p><strong>Art. 5\u00ba.<\/strong> A despesa or\u00e7ament\u00e1ria fixada nesta Lei, ser\u00e1 de <strong>R$ 47.905.535,00 (Quarenta e sete milh\u00f5es, novecentos e cinco mil, quinhentos e trinta e cinco reais)<\/strong>, desdobradas nas seguintes agrega\u00e7\u00f5es:<\/p>\n<p>I \u2013 O Or\u00e7amento Fiscal, \u00e9 fixado em R$ 34.627.500,00 (trinta e quatro milh\u00f5es, seiscentos e vinte e sete mil e quinhentos reais)<\/p>\n<p>II \u2013 O Or\u00e7amento da Seguridade Social, \u00e9 fixado em R$ 12.858.035,00 ( doze milh\u00f5es, oitocentos e cinquenta e oito mil, trinta e cinco reais ).<\/p>\n<p>III \u2013 A Reserva de Conting\u00eancia no valor de R$ 420.000,00 ( quatrocentos e vinte mil reais ).<\/p>\n<p><strong>Art 6\u00ba.<\/strong> Est\u00e3o assegurados recursos para investimentos em fase de execu\u00e7\u00e3o, em conformidade com a Lei de Diretrizes Or\u00e7ament\u00e1rias para o exerc\u00edcio de refer\u00eancia da presente Lei.<\/p>\n<p><strong>CAP\u00cdTULO III<\/strong><\/p>\n<p><strong>DA DESPESA FIXADA PARA O PODER LEGISLATIVO<\/strong><\/p>\n<p><strong>Art. 7\u00ba.<\/strong> O Or\u00e7amento do Poder Legislativo Municipal \u00e9 fixado no Or\u00e7amento Fiscal no valor de R$ 1.760.500,00 (hum milh\u00e3o setecentos e sessenta mil e quinhentos reais) cumprindo os limites fixados na Emenda Constitucional n\u00ba 25\/2000.<\/p>\n<p><strong>CAP\u00cdTULO IV<\/strong><\/p>\n<p><strong>DA DISTRIBUI\u00c7\u00c3O DA DESPESA DO PODER EXECUTIVO POR CATEGORIA E \u00d3RG\u00c3O<\/strong><\/p>\n<p><strong>Art. 8\u00ba.<\/strong> A despesa ser\u00e1 realizada segundo as Categorias Econ\u00f4micas e \u00d3rg\u00e3os de Governo, de acordo com os seus desdobramentos:<\/p>\n<p><strong>I \u2013 Por Categoria Econ\u00f4mica<\/strong><\/p>\n<table>\n<tbody>\n<tr>\n<td width=\"415\"><strong>ESPECIFICA\u00c7\u00c3O<\/strong><\/td>\n<td width=\"151\"><strong>VALOR R$<\/strong><\/td>\n<\/tr>\n<tr>\n<td width=\"415\">ADMINISTRA\u00c7\u00c3O DIRETA<\/td>\n<td width=\"151\">&nbsp;<\/td>\n<\/tr>\n<tr>\n<td width=\"415\">\u00a0\u00a0 Despesas Correntes<\/td>\n<td width=\"151\">42.516.035,00<\/td>\n<\/tr>\n<tr>\n<td width=\"415\">\u00a0\u00a0 Despesas de Capital<\/td>\n<td width=\"151\">4.969.500,00<\/td>\n<\/tr>\n<tr>\n<td width=\"415\">\u00a0\u00a0 Reserva de Conting\u00eancia<\/td>\n<td width=\"151\">420.000,00<\/td>\n<\/tr>\n<tr>\n<td width=\"415\"><strong>TOTAL DA ADMINISTRA\u00c7\u00c3O DIRETA<\/strong><\/td>\n<td width=\"151\"><strong>47.905.535,00<\/strong><\/td>\n<\/tr>\n<\/tbody>\n<\/table>\n<p>&nbsp;<\/p>\n<p><strong>II \u2013 POR \u00d3RG\u00c3OS DE GOVERNO<\/strong><\/p>\n<table>\n<tbody>\n<tr>\n<td width=\"415\"><strong>ESPECIFICA\u00c7\u00c3O<\/strong><\/td>\n<td width=\"151\"><strong>VALOR R$<\/strong><\/td>\n<\/tr>\n<tr>\n<td width=\"415\">\u00a0\u00a0 C\u00e2mara Municipal<\/td>\n<td width=\"151\">1.760.500,00<\/td>\n<\/tr>\n<tr>\n<td width=\"415\">\u00a0\u00a0 Gabinete da Prefeita<\/td>\n<td width=\"151\">1.046.500,00<\/td>\n<\/tr>\n<tr>\n<td width=\"415\">\u00a0\u00a0 Sec. Mun. De Administra\u00e7\u00e3o<\/td>\n<td width=\"151\">3.764.500,00<\/td>\n<\/tr>\n<tr>\n<td width=\"415\">\u00a0\u00a0 Sec. Mun. De Finan\u00e7as<\/td>\n<td width=\"151\">1.584.000,00<\/td>\n<\/tr>\n<tr>\n<td width=\"415\">\u00a0\u00a0 Sec. Mun. De Trabalho e A\u00e7\u00e3o Social<\/td>\n<td width=\"151\">443.000,00<\/td>\n<\/tr>\n<tr>\n<td width=\"415\">\u00a0\u00a0 Fundo Municipal de Assist\u00eancia Social<\/td>\n<td width=\"151\">2.114.000,00<\/td>\n<\/tr>\n<tr>\n<td width=\"415\">\u00a0\u00a0 Fundo Municipal da Inf\u00e2ncia e Adolesc\u00eancia<\/td>\n<td width=\"151\">13.000,00<\/td>\n<\/tr>\n<tr>\n<td width=\"415\">\u00a0\u00a0 Sec. Mun. de Sa\u00fade<\/td>\n<td width=\"151\">483.000,00<\/td>\n<\/tr>\n<tr>\n<td width=\"415\">\u00a0\u00a0 Fundo Muncipal de Sa\u00fade<\/td>\n<td width=\"151\">9.637.035,00<\/td>\n<\/tr>\n<tr>\n<td width=\"415\">\u00a0\u00a0 Sec. Mun. De Obras e Servi\u00e7os Urbanos<\/td>\n<td width=\"151\">7.188.000,00<\/td>\n<\/tr>\n<tr>\n<td width=\"415\">\u00a0\u00a0 Sec. Mun. de Educa\u00e7\u00e3o<\/td>\n<td width=\"151\">15.778.000,00<\/td>\n<\/tr>\n<tr>\n<td width=\"415\">\u00a0\u00a0 Sec. Mun. de Agricultura<\/td>\n<td width=\"151\">1.049.000,00<\/td>\n<\/tr>\n<tr>\n<td width=\"415\">\u00a0\u00a0 Sec. Mun . de Turismo<\/td>\n<td width=\"151\">698.000,00<\/td>\n<\/tr>\n<tr>\n<td width=\"415\">\u00a0\u00a0 Sec. Mun. de Cultura, Esporte e Lazer<\/td>\n<td width=\"151\">998.000,00<\/td>\n<\/tr>\n<tr>\n<td width=\"415\">\u00a0\u00a0 Sec. Mun. de Meio Ambiente<\/td>\n<td width=\"151\">630.000,00<\/td>\n<\/tr>\n<tr>\n<td width=\"415\">\u00a0\u00a0 Sec. Mun. de Tributa\u00e7\u00e3o<\/td>\n<td width=\"151\">299.000,00<\/td>\n<\/tr>\n<tr>\n<td width=\"415\">\u00a0\u00a0 Reserva de Conting\u00eancia<\/td>\n<td width=\"151\">420.000,00<\/td>\n<\/tr>\n<tr>\n<td width=\"415\"><strong>TOTAL DA ADMINISTRA\u00c7\u00c3O<\/strong><\/td>\n<td width=\"151\"><strong>47.905.535,00<\/strong><\/td>\n<\/tr>\n<\/tbody>\n<\/table>\n<p>&nbsp;<\/p>\n<p><strong>CAP\u00cdTULO V<\/strong><\/p>\n<p><strong>DA AUTORIZA\u00c7\u00c3O PARA ABERTURA DE CR\u00c9DITOS SUPLEMENTARES<\/strong><\/p>\n<p><strong>Art. 9\u00ba.<\/strong> Durante a execu\u00e7\u00e3o or\u00e7ament\u00e1ria, fica o Poder Executivo autorizado a:<\/p>\n<ol start=\"2001\">\n<li>Realizar Opera\u00e7\u00f5es de Cr\u00e9dito por antecipa\u00e7\u00e3o da Receita, at\u00e9 o valor fixado nesta Lei, de acordo com Resolu\u00e7\u00e3o n\u00ba 078, de 01 de julho de 1998, do Senado Federal e alterada pela Resolu\u00e7\u00e3o 043\/2001.<\/li>\n<li>Abrir Cr\u00e9ditos Suplementares, para atender insufici\u00eancias nas Dota\u00e7\u00f5es Or\u00e7ament\u00e1rias, at\u00e9 o limite de 40% (quarenta por cento), do total da despesa fixada nesta Lei, em conson\u00e2ncia com o que determina os artigos 40 a 45 da Lei Federal 4.320, de 17 de mar\u00e7o de 1964.<\/li>\n<\/ol>\n<p>&nbsp;<\/p>\n<ul>\n<li>Reprogramar os saldos financeiros decorrentes at\u00e9 31\/12\/2021, provenientes de opera\u00e7\u00f5es de cr\u00e9ditos e conv\u00eanios.<\/li>\n<\/ul>\n<p><strong>\u00a0<\/strong><\/p>\n<p><strong>T\u00cdTULO III<\/strong><\/p>\n<p><strong>DISPOSI\u00c7\u00d5ES FINAIS<\/strong><\/p>\n<p><strong>Art. 10.<\/strong> Fica o Poder Executivo autorizado a complementar os desdobramentos das despesas dos respectivos projetos, com os elementos necess\u00e1rios para consecu\u00e7\u00e3o dos seus fins, disposto no art. 15, \u00a7\u00a7 1\u00ba e 2\u00ba, da Lei Federal 4.320, de 17 de mar\u00e7o de 1964.<\/p>\n<p><strong>Art. 11.<\/strong> Esta Lei entra em vigor a partir de 01 de janeiro de 2022, revogadas as disposi\u00e7\u00f5es em contr\u00e1rio.<\/p>\n<p>&nbsp;<\/p>\n<p>Pedro Velho\/RN, 22 de dezembro de 2021.<\/p>\n<p><strong>\u00a0<\/strong><\/p>\n<p><strong>DEJERLANE MACEDO<\/strong><\/p>\n<p>Prefeita Municipal<\/p>\n<div class=\"pdfprnt-buttons pdfprnt-buttons-post pdfprnt-bottom-right\"><a href=\"https:\/\/pedrovelho.rn.gov.br\/transparente\/index\/wp-json\/wp\/v2\/posts\/21218?print=pdf\" class=\"pdfprnt-button pdfprnt-button-pdf\" target=\"_blank\"><img decoding=\"async\" src=\"https:\/\/pedrovelho.rn.gov.br\/transparente\/index\/wp-content\/plugins\/pdf-print\/images\/pdf.png\" alt=\"image_pdf\" title=\"Ver PDF\" \/><\/a><a href=\"https:\/\/pedrovelho.rn.gov.br\/transparente\/index\/wp-json\/wp\/v2\/posts\/21218?print=print\" class=\"pdfprnt-button pdfprnt-button-print\" target=\"_blank\"><img decoding=\"async\" src=\"https:\/\/pedrovelho.rn.gov.br\/transparente\/index\/wp-content\/plugins\/pdf-print\/images\/print.png\" alt=\"image_print\" title=\"Conte\u00fado de impress\u00e3o\" \/><\/a><\/div><div style=\"margin: 20px 0;\"><div class=\"qrcswholewtapper\" style=\"text-align:left;\"><div class=\"qrcprowrapper\"  id=\"qrcwraa2leds\"><div class=\"qrc_canvass\" id=\"qrc_cuttenpages_2\" style=\"display:inline-block\" data-text=\"https:\/\/pedrovelho.rn.gov.br\/transparente\/index\/lei-no-627-2021-loa-2022\/\"><\/div><\/div><\/div><\/div>","protected":false},"excerpt":{"rendered":"<p>LEI N\u00ba 627 DE 22 DE DEZEMBRO DE 2021. \u201cEstima a Receita e Fixa a Despesa do Munic\u00edpio de Pedro Velho, Estado do Rio Grande do Norte, para o exerc\u00edcio financeiro de 2022 e d\u00e1 outras provid\u00eancias.\u201d &nbsp; A PREFEITA CONSTITUCIONAL DO MUNIC\u00cdPIO DE PEDRO VELHO, Estado de Rio Grande do Norte, no uso de [&hellip;]<\/p>\n","protected":false},"author":1,"featured_media":0,"comment_status":"closed","ping_status":"closed","sticky":false,"template":"","format":"standard","meta":{"_et_pb_use_builder":"","_et_pb_old_content":"","_et_gb_content_width":"","footnotes":""},"categories":[75,78,186,57,59],"tags":[],"class_list":["post-21218","post","type-post","status-publish","format-standard","hentry","category-legislacao","category-leis","category-leis-municipais-2021","category-normas-orcamentarias","category-loa"],"_links":{"self":[{"href":"https:\/\/pedrovelho.rn.gov.br\/transparente\/index\/wp-json\/wp\/v2\/posts\/21218","targetHints":{"allow":["GET"]}}],"collection":[{"href":"https:\/\/pedrovelho.rn.gov.br\/transparente\/index\/wp-json\/wp\/v2\/posts"}],"about":[{"href":"https:\/\/pedrovelho.rn.gov.br\/transparente\/index\/wp-json\/wp\/v2\/types\/post"}],"author":[{"embeddable":true,"href":"https:\/\/pedrovelho.rn.gov.br\/transparente\/index\/wp-json\/wp\/v2\/users\/1"}],"replies":[{"embeddable":true,"href":"https:\/\/pedrovelho.rn.gov.br\/transparente\/index\/wp-json\/wp\/v2\/comments?post=21218"}],"version-history":[{"count":1,"href":"https:\/\/pedrovelho.rn.gov.br\/transparente\/index\/wp-json\/wp\/v2\/posts\/21218\/revisions"}],"predecessor-version":[{"id":21219,"href":"https:\/\/pedrovelho.rn.gov.br\/transparente\/index\/wp-json\/wp\/v2\/posts\/21218\/revisions\/21219"}],"wp:attachment":[{"href":"https:\/\/pedrovelho.rn.gov.br\/transparente\/index\/wp-json\/wp\/v2\/media?parent=21218"}],"wp:term":[{"taxonomy":"category","embeddable":true,"href":"https:\/\/pedrovelho.rn.gov.br\/transparente\/index\/wp-json\/wp\/v2\/categories?post=21218"},{"taxonomy":"post_tag","embeddable":true,"href":"https:\/\/pedrovelho.rn.gov.br\/transparente\/index\/wp-json\/wp\/v2\/tags?post=21218"}],"curies":[{"name":"wp","href":"https:\/\/api.w.org\/{rel}","templated":true}]}}