{"id":22416,"date":"2022-01-18T12:36:43","date_gmt":"2022-01-18T12:36:43","guid":{"rendered":"https:\/\/pedrovelho.rn.gov.br\/transparente\/index\/?p=22416"},"modified":"2022-01-18T12:36:43","modified_gmt":"2022-01-18T12:36:43","slug":"empenhos-emitidos-liquidados-e-pagos-novembro-2021-rod-mais-locacoes-e-servicos-eireli","status":"publish","type":"post","link":"https:\/\/pedrovelho.rn.gov.br\/transparente\/index\/empenhos-emitidos-liquidados-e-pagos-novembro-2021-rod-mais-locacoes-e-servicos-eireli\/","title":{"rendered":"Empenhos emitidos liquidados e pagos\/ Novembro 2021 &#8211; ROD MAIS LOCACOES E SERVICOS EIRELI"},"content":{"rendered":"<table width=\"100%\">\n<tbody>\n<tr>\n<td width=\"84%\"><strong>Total Pago em Novembro de 2021<\/strong><\/td>\n<td width=\"3%\">R$<\/td>\n<td width=\"11%\"><strong>4.431.643,73<\/strong><\/td>\n<\/tr>\n<tr>\n<td width=\"84%\">Favorecido:\u00a0<strong>32.397.512\/0001-20 &#8211; ROD MAIS LOCACOES E SERVICOS EIRELI<\/strong><\/td>\n<td width=\"3%\">R$<\/td>\n<td width=\"11%\"><strong>8.990,00<\/strong><\/td>\n<\/tr>\n<tr>\n<td width=\"84%\">Despesa:\u00a0<strong>OUTROS SERVI\u00c7OS DE TERCEIROS &#8211; PESSOA JUR\u00cdDICA<\/strong><\/td>\n<td width=\"3%\">R$<\/td>\n<td width=\"11%\"><strong>8.990,00<\/strong><\/td>\n<\/tr>\n<tr>\n<td width=\"84%\">Unidade Gestora:\u00a0<strong>02 &#8211; GABINETE DA PREFEITA<\/strong><\/td>\n<td width=\"3%\">R$<\/td>\n<td width=\"11%\"><strong>8.990,00<\/strong><\/td>\n<\/tr>\n<tr>\n<td width=\"84%\">Gest\u00e3o:\u00a0<strong>001 &#8211; GABINETE DA PREFEITA<\/strong><\/td>\n<td width=\"3%\">R$<\/td>\n<td width=\"11%\"><strong>8.990,00<\/strong><\/td>\n<\/tr>\n<\/tbody>\n<\/table>\n<p>&nbsp;<\/p>\n<p><strong>Informa\u00e7\u00f5es Gerais<\/strong><\/p>\n<table width=\"100%\">\n<tbody>\n<tr>\n<td width=\"20%\"><strong>Fase:<\/strong><\/td>\n<td width=\"23%\"><strong>EMPENHO<\/strong><\/td>\n<td width=\"31%\">&nbsp;<\/td>\n<td width=\"24%\">&nbsp;<\/td>\n<\/tr>\n<tr>\n<td width=\"20%\"><strong>Documento:<\/strong><\/td>\n<td width=\"23%\"><strong>2021NE802003<\/strong><\/td>\n<td width=\"31%\"><strong>Tipo de Documento:<\/strong><\/td>\n<td width=\"24%\">Nota de Empenho<\/td>\n<\/tr>\n<tr>\n<td width=\"20%\"><strong>Data:<\/strong><\/td>\n<td width=\"23%\">02\/08\/2021<\/td>\n<td width=\"31%\">&nbsp;<\/td>\n<td width=\"24%\">&nbsp;<\/td>\n<\/tr>\n<tr>\n<td width=\"20%\"><strong>Tipo de Empenho:<\/strong><\/td>\n<td width=\"23%\">Ordin\u00e1rio<\/td>\n<td width=\"31%\"><strong>Esp\u00e9cie de Empenho:<\/strong><\/td>\n<td width=\"24%\">Original<\/td>\n<\/tr>\n<tr>\n<td width=\"20%\"><strong>Unidade Gestora:<\/strong><\/td>\n<td colspan=\"3\" width=\"79%\">02\u00a0\u00a0&#8211;\u00a0\u00a0GABINETE DA PREFEITA<\/td>\n<\/tr>\n<tr>\n<td width=\"20%\"><strong>Gest\u00e3o:<\/strong><\/td>\n<td colspan=\"3\" width=\"79%\">001\u00a0\u00a0&#8211;\u00a0\u00a0GABINETE DA PREFEITA<\/td>\n<\/tr>\n<tr>\n<td width=\"20%\"><strong>Favorecido:<\/strong><\/td>\n<td colspan=\"3\" width=\"79%\">32.397.512\/0001-20\u00a0\u00a0&#8211;\u00a0\u00a0ROD MAIS LOCACOES E SERVICOS EIRELI<\/td>\n<\/tr>\n<tr>\n<td width=\"20%\"><strong>Valor:<\/strong><\/td>\n<td width=\"23%\">4.495,00<\/td>\n<td width=\"31%\"><\/td>\n<td width=\"24%\"><\/td>\n<\/tr>\n<\/tbody>\n<\/table>\n<p>&nbsp;<\/p>\n<p><strong>Detalhamento<\/strong><\/p>\n<table width=\"100%\">\n<tbody>\n<tr>\n<td width=\"19%\"><strong>Observa\u00e7\u00e3o do Documento:<\/strong><\/td>\n<td colspan=\"3\" width=\"80%\">CONTRATA\u00c7\u00c3O DE EMPRESA ESPECIALIZADA NA PRESTA\u00c7\u00c3O DE SERVI\u00c7OS DE LOCA\u00c7\u00c3O DE VE\u00cdCULOS, SEM MOTORISTA, POR QUILOMETRAGEM LIVRE, VISANDO ATENDER A TODA A DEMANDA DO PODER EXECUTIVO MUNICIPAL, BEM COMO SERVI\u00c7OS ESSENCIAIS PRESTADOS A POPULA\u00c7\u00c3O DESTE MUNIC\u00cdPIO<\/td>\n<\/tr>\n<tr>\n<td width=\"19%\"><strong>Esfera:<\/strong><\/td>\n<td colspan=\"3\" width=\"80%\">Fiscal<\/td>\n<\/tr>\n<tr>\n<td width=\"19%\"><strong>Fonte de Recurso:<\/strong><\/td>\n<td colspan=\"3\" width=\"80%\">15300000\u00a0\u00a0&#8211;\u00a0\u00a0Transfer\u00eancia da Uni\u00e3o Referente a Royalties do Petr\u00f3leo<\/td>\n<\/tr>\n<tr>\n<td colspan=\"4\" width=\"100%\"><strong>Funcional Program\u00e1tica<\/strong><\/td>\n<\/tr>\n<tr>\n<td width=\"19%\"><strong>Fun\u00e7\u00e3o:<\/strong><\/td>\n<td colspan=\"3\" width=\"80%\">04\u00a0\u00a0&#8211;\u00a0\u00a0ADMINISTRA\u00c7\u00c3O<\/td>\n<\/tr>\n<tr>\n<td width=\"19%\"><strong>Subfun\u00e7\u00e3o:<\/strong><\/td>\n<td colspan=\"3\" width=\"80%\">122\u00a0\u00a0&#8211;\u00a0\u00a0ADMINISTRA\u00c7\u00c3O GERAL<\/td>\n<\/tr>\n<tr>\n<td width=\"19%\"><strong>Programa:<\/strong><\/td>\n<td colspan=\"3\" width=\"80%\">0004\u00a0\u00a0&#8211;\u00a0\u00a0MODERNIZA\u00c7\u00c3O DA GEST\u00c3O PUBLICA MUNICIPAL<\/td>\n<\/tr>\n<tr>\n<td width=\"19%\"><strong>A\u00e7\u00e3o:<\/strong><\/td>\n<td colspan=\"3\" width=\"80%\">2003\u00a0\u00a0&#8211;\u00a0\u00a0MANUTEN\u00c7\u00c3O DAS ATIVIDADES DO GABINETE DO PREFEITA<\/td>\n<\/tr>\n<tr>\n<td width=\"19%\"><strong>Categoria de Despesa:<\/strong><\/td>\n<td width=\"24%\">3\u00a0\u00a0&#8211;\u00a0\u00a0Despesas Correntes<\/td>\n<td width=\"21%\"><strong>Grupo de Despesa:<\/strong><\/td>\n<td width=\"33%\">3\u00a0\u00a0&#8211;\u00a0\u00a0OUTRAS DESPESAS CORRENTES<\/td>\n<\/tr>\n<tr>\n<td width=\"19%\"><strong>Modalidade de Aplica\u00e7\u00e3o:<\/strong><\/td>\n<td colspan=\"3\" width=\"80%\">90\u00a0\u00a0&#8211;\u00a0\u00a0APLICA\u00c7\u00d5ES DIRETAS<\/td>\n<\/tr>\n<tr>\n<td width=\"19%\"><strong>Elemento de Despesa:<\/strong><\/td>\n<td colspan=\"3\" width=\"80%\">39\u00a0\u00a0&#8211;\u00a0\u00a0OUTROS SERVI\u00c7OS DE TERCEIROS &#8211; PESSOA JUR\u00cdDICA<\/td>\n<\/tr>\n<tr>\n<td width=\"19%\"><strong>Processo N\u00ba:<\/strong><\/td>\n<td width=\"24%\">662\/2020<\/td>\n<td width=\"21%\">&nbsp;<\/td>\n<td width=\"33%\">&nbsp;<\/td>\n<\/tr>\n<tr>\n<td width=\"19%\"><strong>Modalidade da Licita\u00e7\u00e3o:<\/strong><\/td>\n<td width=\"24%\">Preg\u00e3o\/Ades\u00e3o<\/td>\n<td width=\"21%\"><strong>N\u00ba Certame:<\/strong><\/td>\n<td width=\"33%\">0\/\u00a00<\/td>\n<\/tr>\n<tr>\n<td width=\"19%\"><strong>Fundamenta\u00e7\u00e3o da Licita\u00e7\u00e3o:<\/strong><\/td>\n<td colspan=\"3\" width=\"80%\">Lei Federal 10.520 de 17\/07\/2002<\/td>\n<\/tr>\n<tr>\n<td width=\"19%\"><strong>Data da Homologa\u00e7\u00e3o:<\/strong><\/td>\n<td width=\"24%\"><\/td>\n<td width=\"21%\"><strong>Data da Publica\u00e7\u00e3o:<\/strong><\/td>\n<td width=\"33%\"><\/td>\n<\/tr>\n<\/tbody>\n<\/table>\n<p>&nbsp;<\/p>\n<p><strong>Especifica\u00e7\u00e3o da Despesa<\/strong><\/p>\n<table width=\"100%\">\n<tbody>\n<tr>\n<td width=\"73%\"><strong>Item<\/strong><\/td>\n<td width=\"7%\"><strong>Quantidade<\/strong><\/td>\n<td width=\"6%\"><strong>Unidade Medida<\/strong><\/td>\n<td width=\"6%\"><strong>Valor Unit\u00e1rio<\/strong><\/td>\n<td width=\"5%\"><strong>Valor Total<\/strong><\/td>\n<\/tr>\n<tr>\n<td width=\"73%\">LOCU\u00c7\u00c3O DE VE\u00cdCULO DO TIPO UTILITARIO SUV, 4X4 COMBUST\u00cdVEL DIESEL, POT\u00caNCIA MIN\u00cdNA 1.8, VIDROS E TRAVAS EL\u00c9TRICAS, AR CONDICIONADO, DIRE\u00c7\u00c3O HIDR\u00c1ULICA\/EL\u00c9TRICA, ANO\/MODELO 2018\/2018, SEM MOTORISTA, SEM COMBUSTIV\u00c9L, DOCUMENTA\u00c7\u00c3O REGULAR, COM SEGURO TOTAL, COM TODOS OS COMPONENTES DE SEGURAN\u00c7A EXIGIDOS PELO CONTRAN. ADESIVADO (TIPO VINIL) CONFORME PADR\u00c3O DA PREFEITURA MUNICIPAL DE PEDRO VELHO\/RN<\/td>\n<td width=\"7%\">1,00<\/td>\n<td width=\"6%\">UNIDADE<\/td>\n<td width=\"6%\">4.495,00<\/td>\n<td width=\"5%\">4.495,00<\/td>\n<\/tr>\n<\/tbody>\n<\/table>\n<p>&nbsp;<\/p>\n<p><strong>Movimentos<\/strong><\/p>\n<table width=\"100%\">\n<tbody>\n<tr>\n<td width=\"11%\"><strong>Data<\/strong><\/td>\n<td width=\"11%\"><strong>Fase<\/strong><\/td>\n<td width=\"13%\"><strong>Documento<\/strong><\/td>\n<td width=\"31%\"><strong>Elemento de Despesa<\/strong><\/td>\n<td width=\"22%\"><strong>Favorecido<\/strong><\/td>\n<td width=\"9%\"><strong>Valor<\/strong><\/td>\n<\/tr>\n<tr>\n<td width=\"11%\">26\/11\/2021<\/td>\n<td width=\"11%\">Pagamento<\/td>\n<td width=\"13%\">2021NP00158<\/td>\n<td width=\"31%\">OUTROS SERVI\u00c7OS DE TERCEIROS &#8211; PESSOA JUR\u00cdDICA<\/td>\n<td width=\"22%\">ROD MAIS LOCACOES E SERVICOS EIRELI<\/td>\n<td width=\"9%\">4.495,00<\/td>\n<\/tr>\n<\/tbody>\n<\/table>\n<p>&nbsp;<\/p>\n<div class=\"pdfprnt-buttons pdfprnt-buttons-post pdfprnt-bottom-right\"><a href=\"https:\/\/pedrovelho.rn.gov.br\/transparente\/index\/wp-json\/wp\/v2\/posts\/22416?print=pdf\" class=\"pdfprnt-button pdfprnt-button-pdf\" target=\"_blank\"><img decoding=\"async\" src=\"https:\/\/pedrovelho.rn.gov.br\/transparente\/index\/wp-content\/plugins\/pdf-print\/images\/pdf.png\" alt=\"image_pdf\" title=\"Ver PDF\" \/><\/a><a href=\"https:\/\/pedrovelho.rn.gov.br\/transparente\/index\/wp-json\/wp\/v2\/posts\/22416?print=print\" class=\"pdfprnt-button pdfprnt-button-print\" target=\"_blank\"><img decoding=\"async\" src=\"https:\/\/pedrovelho.rn.gov.br\/transparente\/index\/wp-content\/plugins\/pdf-print\/images\/print.png\" alt=\"image_print\" title=\"Conte\u00fado de impress\u00e3o\" \/><\/a><\/div><div style=\"margin: 20px 0;\"><div class=\"qrcswholewtapper\" style=\"text-align:left;\"><div class=\"qrcprowrapper\"  id=\"qrcwraa2leds\"><div class=\"qrc_canvass\" id=\"qrc_cuttenpages_2\" style=\"display:inline-block\" data-text=\"https:\/\/pedrovelho.rn.gov.br\/transparente\/index\/empenhos-emitidos-liquidados-e-pagos-novembro-2021-rod-mais-locacoes-e-servicos-eireli\/\"><\/div><\/div><\/div><\/div>","protected":false},"excerpt":{"rendered":"<p>Total Pago em Novembro de 2021 R$ 4.431.643,73 Favorecido:\u00a032.397.512\/0001-20 &#8211; ROD MAIS LOCACOES E SERVICOS EIRELI R$ 8.990,00 Despesa:\u00a0OUTROS SERVI\u00c7OS DE TERCEIROS &#8211; PESSOA JUR\u00cdDICA R$ 8.990,00 Unidade Gestora:\u00a002 &#8211; GABINETE DA PREFEITA R$ 8.990,00 Gest\u00e3o:\u00a0001 &#8211; GABINETE DA PREFEITA R$ 8.990,00 &nbsp; Informa\u00e7\u00f5es Gerais Fase: EMPENHO &nbsp; &nbsp; Documento: 2021NE802003 Tipo de Documento: Nota [&hellip;]<\/p>\n","protected":false},"author":1,"featured_media":0,"comment_status":"closed","ping_status":"closed","sticky":false,"template":"","format":"standard","meta":{"_et_pb_use_builder":"","_et_pb_old_content":"","_et_gb_content_width":"","footnotes":""},"categories":[163],"tags":[],"class_list":["post-22416","post","type-post","status-publish","format-standard","hentry","category-detalhamento-da-despesa"],"_links":{"self":[{"href":"https:\/\/pedrovelho.rn.gov.br\/transparente\/index\/wp-json\/wp\/v2\/posts\/22416","targetHints":{"allow":["GET"]}}],"collection":[{"href":"https:\/\/pedrovelho.rn.gov.br\/transparente\/index\/wp-json\/wp\/v2\/posts"}],"about":[{"href":"https:\/\/pedrovelho.rn.gov.br\/transparente\/index\/wp-json\/wp\/v2\/types\/post"}],"author":[{"embeddable":true,"href":"https:\/\/pedrovelho.rn.gov.br\/transparente\/index\/wp-json\/wp\/v2\/users\/1"}],"replies":[{"embeddable":true,"href":"https:\/\/pedrovelho.rn.gov.br\/transparente\/index\/wp-json\/wp\/v2\/comments?post=22416"}],"version-history":[{"count":1,"href":"https:\/\/pedrovelho.rn.gov.br\/transparente\/index\/wp-json\/wp\/v2\/posts\/22416\/revisions"}],"predecessor-version":[{"id":22417,"href":"https:\/\/pedrovelho.rn.gov.br\/transparente\/index\/wp-json\/wp\/v2\/posts\/22416\/revisions\/22417"}],"wp:attachment":[{"href":"https:\/\/pedrovelho.rn.gov.br\/transparente\/index\/wp-json\/wp\/v2\/media?parent=22416"}],"wp:term":[{"taxonomy":"category","embeddable":true,"href":"https:\/\/pedrovelho.rn.gov.br\/transparente\/index\/wp-json\/wp\/v2\/categories?post=22416"},{"taxonomy":"post_tag","embeddable":true,"href":"https:\/\/pedrovelho.rn.gov.br\/transparente\/index\/wp-json\/wp\/v2\/tags?post=22416"}],"curies":[{"name":"wp","href":"https:\/\/api.w.org\/{rel}","templated":true}]}}