{"id":24102,"date":"2022-03-16T20:22:05","date_gmt":"2022-03-16T20:22:05","guid":{"rendered":"https:\/\/pedrovelho.rn.gov.br\/transparente\/index\/?p=24102"},"modified":"2022-03-16T20:22:05","modified_gmt":"2022-03-16T20:22:05","slug":"empenhos-emitidos-liquidados-e-pagos-janeiro-2022-maria-de-lourdes-bezerril-varela-da-costa","status":"publish","type":"post","link":"https:\/\/pedrovelho.rn.gov.br\/transparente\/index\/empenhos-emitidos-liquidados-e-pagos-janeiro-2022-maria-de-lourdes-bezerril-varela-da-costa\/","title":{"rendered":"Empenhos Emitidos, liquidados e Pagos\/Janeiro 2022 &#8211; MARIA DE LOURDES BEZERRIL VARELA DA COSTA"},"content":{"rendered":"<table width=\"100%\">\n<tbody>\n<tr>\n<td width=\"84%\"><strong>Total Pago em Janeiro de 2022<\/strong><\/td>\n<td width=\"3%\">R$<\/td>\n<td width=\"11%\"><strong>3.153.149,43<\/strong><\/td>\n<\/tr>\n<tr>\n<td width=\"84%\">Favorecido:\u00a0<strong>##4.817.514-## &#8211; MARIA DE LOURDES BEZERRIL VARELA DA COSTA<\/strong><\/td>\n<td width=\"3%\">R$<\/td>\n<td width=\"11%\"><strong>600,00<\/strong><\/td>\n<\/tr>\n<tr>\n<td width=\"84%\">Despesa:\u00a0<strong>OUTROS SERVI\u00c7OS DE TERCEIROS &#8211; PESSOA F\u00cdSICA<\/strong><\/td>\n<td width=\"3%\">R$<\/td>\n<td width=\"11%\"><strong>600,00<\/strong><\/td>\n<\/tr>\n<tr>\n<td width=\"84%\">Unidade Gestora:\u00a0<strong>05 &#8211; SECRETARIA MUNICIPAL DE TRABALHO E A\u00c7\u00c3O SOCIAL<\/strong><\/td>\n<td width=\"3%\">R$<\/td>\n<td width=\"11%\"><strong>600,00<\/strong><\/td>\n<\/tr>\n<tr>\n<td width=\"84%\">Gest\u00e3o:\u00a0<strong>002 &#8211; FUNDO MUNICIPAL DE ASSIST\u00caNCIA SOCIAL<\/strong><\/td>\n<td width=\"3%\">R$<\/td>\n<td width=\"11%\"><strong>600,00<\/strong><\/td>\n<\/tr>\n<\/tbody>\n<\/table>\n<p>&nbsp;<\/p>\n<p><strong>Informa\u00e7\u00f5es Gerais<\/strong><\/p>\n<table width=\"100%\">\n<tbody>\n<tr>\n<td width=\"20%\"><strong>Fase:<\/strong><\/td>\n<td width=\"23%\"><strong>PAGAMENTO<\/strong><\/td>\n<td width=\"35%\">&nbsp;<\/td>\n<td width=\"20%\">&nbsp;<\/td>\n<\/tr>\n<tr>\n<td width=\"20%\"><strong>Documento:<\/strong><\/td>\n<td width=\"23%\"><strong>2022NP00002<\/strong><\/td>\n<td width=\"35%\"><strong>Forma de Pagamento:<\/strong><\/td>\n<td width=\"20%\">Transfer\u00eancia<\/td>\n<\/tr>\n<tr>\n<td width=\"20%\"><strong>Data:<\/strong><\/td>\n<td width=\"23%\">26\/01\/2022<\/td>\n<td width=\"35%\">&nbsp;<\/td>\n<td width=\"20%\">&nbsp;<\/td>\n<\/tr>\n<tr>\n<td width=\"20%\"><strong>Unidade Gestora:<\/strong><\/td>\n<td colspan=\"3\" width=\"79%\">05\u00a0\u00a0&#8211;\u00a0\u00a0SECRETARIA MUNICIPAL DE TRABALHO E A\u00c7\u00c3O SOCIAL<\/td>\n<\/tr>\n<tr>\n<td width=\"20%\"><strong>Gest\u00e3o:<\/strong><\/td>\n<td colspan=\"3\" width=\"79%\">002\u00a0\u00a0&#8211;\u00a0\u00a0FUNDO MUNICIPAL DE ASSIST\u00caNCIA SOCIAL<\/td>\n<\/tr>\n<tr>\n<td width=\"20%\"><strong>Favorecido:<\/strong><\/td>\n<td colspan=\"3\" width=\"79%\">##4.817.514-##\u00a0\u00a0&#8211;\u00a0\u00a0MARIA DE LOURDES BEZERRIL VARELA DA COSTA<\/td>\n<\/tr>\n<tr>\n<td width=\"20%\"><strong>Valor:<\/strong><\/td>\n<td width=\"23%\">600,00<\/td>\n<td width=\"35%\"><\/td>\n<td width=\"20%\"><\/td>\n<\/tr>\n<\/tbody>\n<\/table>\n<p>&nbsp;<\/p>\n<p><strong>Detalhamento<\/strong><\/p>\n<table width=\"100%\">\n<tbody>\n<tr>\n<td width=\"19%\"><strong>Observa\u00e7\u00e3o do Documento:<\/strong><\/td>\n<td colspan=\"3\" width=\"80%\">LOCA\u00c7\u00c3O DE IMOV\u00c9L REFERENTE AO M\u00caS DE NOVEMBRO\/2021.<\/td>\n<\/tr>\n<tr>\n<td width=\"19%\"><strong>Processo N\u00ba:<\/strong><\/td>\n<td width=\"65%\">683\/2022<\/td>\n<td width=\"7%\"><\/td>\n<td width=\"7%\"><\/td>\n<\/tr>\n<\/tbody>\n<\/table>\n<p>&nbsp;<\/p>\n<p><strong>Especifica\u00e7\u00e3o da Despesa<\/strong><\/p>\n<table width=\"100%\">\n<tbody>\n<tr>\n<td width=\"18%\"><strong>Documento<\/strong><\/td>\n<td width=\"62%\"><strong>Elemento de Despesa<\/strong><\/td>\n<td width=\"10%\"><strong>Estorno<\/strong><\/td>\n<td width=\"8%\"><strong>Valor<\/strong><\/td>\n<\/tr>\n<tr>\n<td width=\"18%\">2021NE803001<\/td>\n<td width=\"62%\">OUTROS SERVI\u00c7OS DE TERCEIROS &#8211; PESSOA F\u00cdSICA<\/td>\n<td width=\"10%\"><\/td>\n<td width=\"8%\">600,00<\/td>\n<\/tr>\n<\/tbody>\n<\/table>\n<p>&nbsp;<\/p>\n<p><strong>Documentos Relacionados<\/strong><\/p>\n<table width=\"100%\">\n<tbody>\n<tr>\n<td width=\"8%\"><strong>Data<\/strong><\/td>\n<td width=\"6%\"><strong>Fase<\/strong><\/td>\n<td width=\"10%\"><strong>Documento<\/strong><\/td>\n<td width=\"35%\"><strong>Elemento de Despesa<\/strong><\/td>\n<td width=\"33%\"><strong>Favorecido<\/strong><\/td>\n<td width=\"6%\"><strong>Valor<\/strong><\/td>\n<\/tr>\n<tr>\n<td width=\"8%\">03\/08\/2021<\/td>\n<td width=\"6%\">Empenho<\/td>\n<td width=\"10%\">2021NE803001<\/td>\n<td width=\"35%\">OUTROS SERVI\u00c7OS DE TERCEIROS &#8211; PESSOA F\u00cdSICA<\/td>\n<td width=\"33%\">MARIA DE LOURDES BEZERRIL VARELA DA COSTA<\/td>\n<td width=\"6%\">1.200,00<\/td>\n<\/tr>\n<\/tbody>\n<\/table>\n<p>&nbsp;<\/p>\n<div class=\"pdfprnt-buttons pdfprnt-buttons-post pdfprnt-bottom-right\"><a href=\"https:\/\/pedrovelho.rn.gov.br\/transparente\/index\/wp-json\/wp\/v2\/posts\/24102?print=pdf\" class=\"pdfprnt-button pdfprnt-button-pdf\" target=\"_blank\"><img decoding=\"async\" src=\"https:\/\/pedrovelho.rn.gov.br\/transparente\/index\/wp-content\/plugins\/pdf-print\/images\/pdf.png\" alt=\"image_pdf\" title=\"Ver PDF\" \/><\/a><a href=\"https:\/\/pedrovelho.rn.gov.br\/transparente\/index\/wp-json\/wp\/v2\/posts\/24102?print=print\" class=\"pdfprnt-button pdfprnt-button-print\" target=\"_blank\"><img decoding=\"async\" src=\"https:\/\/pedrovelho.rn.gov.br\/transparente\/index\/wp-content\/plugins\/pdf-print\/images\/print.png\" alt=\"image_print\" title=\"Conte\u00fado de impress\u00e3o\" \/><\/a><\/div><div style=\"margin: 20px 0;\"><div class=\"qrcswholewtapper\" style=\"text-align:left;\"><div class=\"qrcprowrapper\"  id=\"qrcwraa2leds\"><div class=\"qrc_canvass\" id=\"qrc_cuttenpages_2\" style=\"display:inline-block\" data-text=\"https:\/\/pedrovelho.rn.gov.br\/transparente\/index\/empenhos-emitidos-liquidados-e-pagos-janeiro-2022-maria-de-lourdes-bezerril-varela-da-costa\/\"><\/div><\/div><\/div><\/div>","protected":false},"excerpt":{"rendered":"<p>Total Pago em Janeiro de 2022 R$ 3.153.149,43 Favorecido:\u00a0##4.817.514-## &#8211; MARIA DE LOURDES BEZERRIL VARELA DA COSTA R$ 600,00 Despesa:\u00a0OUTROS SERVI\u00c7OS DE TERCEIROS &#8211; PESSOA F\u00cdSICA R$ 600,00 Unidade Gestora:\u00a005 &#8211; SECRETARIA MUNICIPAL DE TRABALHO E A\u00c7\u00c3O SOCIAL R$ 600,00 Gest\u00e3o:\u00a0002 &#8211; FUNDO MUNICIPAL DE ASSIST\u00caNCIA SOCIAL R$ 600,00 &nbsp; Informa\u00e7\u00f5es Gerais Fase: PAGAMENTO &nbsp; [&hellip;]<\/p>\n","protected":false},"author":1,"featured_media":0,"comment_status":"closed","ping_status":"closed","sticky":false,"template":"","format":"standard","meta":{"_et_pb_use_builder":"","_et_pb_old_content":"","_et_gb_content_width":"","footnotes":""},"categories":[163],"tags":[],"class_list":["post-24102","post","type-post","status-publish","format-standard","hentry","category-detalhamento-da-despesa"],"_links":{"self":[{"href":"https:\/\/pedrovelho.rn.gov.br\/transparente\/index\/wp-json\/wp\/v2\/posts\/24102","targetHints":{"allow":["GET"]}}],"collection":[{"href":"https:\/\/pedrovelho.rn.gov.br\/transparente\/index\/wp-json\/wp\/v2\/posts"}],"about":[{"href":"https:\/\/pedrovelho.rn.gov.br\/transparente\/index\/wp-json\/wp\/v2\/types\/post"}],"author":[{"embeddable":true,"href":"https:\/\/pedrovelho.rn.gov.br\/transparente\/index\/wp-json\/wp\/v2\/users\/1"}],"replies":[{"embeddable":true,"href":"https:\/\/pedrovelho.rn.gov.br\/transparente\/index\/wp-json\/wp\/v2\/comments?post=24102"}],"version-history":[{"count":1,"href":"https:\/\/pedrovelho.rn.gov.br\/transparente\/index\/wp-json\/wp\/v2\/posts\/24102\/revisions"}],"predecessor-version":[{"id":24103,"href":"https:\/\/pedrovelho.rn.gov.br\/transparente\/index\/wp-json\/wp\/v2\/posts\/24102\/revisions\/24103"}],"wp:attachment":[{"href":"https:\/\/pedrovelho.rn.gov.br\/transparente\/index\/wp-json\/wp\/v2\/media?parent=24102"}],"wp:term":[{"taxonomy":"category","embeddable":true,"href":"https:\/\/pedrovelho.rn.gov.br\/transparente\/index\/wp-json\/wp\/v2\/categories?post=24102"},{"taxonomy":"post_tag","embeddable":true,"href":"https:\/\/pedrovelho.rn.gov.br\/transparente\/index\/wp-json\/wp\/v2\/tags?post=24102"}],"curies":[{"name":"wp","href":"https:\/\/api.w.org\/{rel}","templated":true}]}}