{"id":26651,"date":"2022-08-02T12:01:03","date_gmt":"2022-08-02T12:01:03","guid":{"rendered":"https:\/\/pedrovelho.rn.gov.br\/transparente\/index\/?p=26651"},"modified":"2025-07-04T15:28:39","modified_gmt":"2025-07-04T15:28:39","slug":"homologacao-e-ratificacao-uniao-nacional-dos-dirigentes-municipais-de-educacao","status":"publish","type":"post","link":"https:\/\/pedrovelho.rn.gov.br\/transparente\/index\/homologacao-e-ratificacao-uniao-nacional-dos-dirigentes-municipais-de-educacao\/","title":{"rendered":"HOMOLOGA\u00c7\u00c3O E RATIFICA\u00c7\u00c3O | UNIAO NACIONAL DOS DIRIGENTES MUNICIPAIS DE EDUCACAO"},"content":{"rendered":"<p style=\"text-align: center;\"><strong>ESTADO DO RIO GRANDE DO NORTE<\/strong><br \/>\n<strong>PREFEITURA MUNICIPAL DE PEDRO VELHO<\/strong><\/p>\n<hr \/>\n<p><strong>RATIFICA\u00c7\u00c3O REFERENTE AO TERMO DE DISPENSA DE LICITA\u00c7\u00c3O<\/strong><\/p>\n<p>A Prefeita Constitucional de Pedro Velho\/RN, no uso das atribui\u00e7\u00f5es que lhe s\u00e3o conferidas pela Lei Org\u00e2nica do Munic\u00edpio e ainda, ancorada na norma inscrita no Art. 26, \u201ccaput\u201d, da Lei Regente, considerando o incomensur\u00e1vel interesse p\u00fablico; considerando tamb\u00e9m, as conclus\u00f5es formalmente motivadas no Parecer Jur\u00eddico, HOMOLOGA e RATIFICA o ATO DE DISPENSA DE LICITA\u00c7\u00c3O<strong>,<\/strong> junto a <strong>UNIAO NACIONAL DOS DIRIGENTES MUNICIPAIS DE EDUCACAO<\/strong>\u00a0 para a Inscri\u00e7\u00e3o de dois servidores desta Secretaria, sendo eles a Secretaria de Educa\u00e7\u00e3o e um t\u00e9cnico, para participa\u00e7\u00e3o no 9\u00ba F\u00f3rum Nacional Extraordin\u00e1rio dos Dirigentes Municipais em Educa\u00e7\u00e3o, que acontecer\u00e1 entre os dias 16 a 19 de agosto em Bras\u00edlia \u2011 DF, no valor global de R$ 1.200,00 (um mil e duzentos reais), ancorado no Art. 25, II, da Lei federal 8.666\/93.<\/p>\n<p>&nbsp;<\/p>\n<p>&nbsp;<\/p>\n<p>Pedro Velho\/RN, 02 de agosto de 2022.<\/p>\n<p>&nbsp;<\/p>\n<p>&nbsp;<\/p>\n<p>&nbsp;<\/p>\n<p><strong>FRANCISCA EDNA DE LEMOS<\/strong><\/p>\n<p>Prefeita<\/p>\n<div class=\"pdfprnt-buttons pdfprnt-buttons-post pdfprnt-bottom-right\"><a href=\"https:\/\/pedrovelho.rn.gov.br\/transparente\/index\/wp-json\/wp\/v2\/posts\/26651?print=pdf\" class=\"pdfprnt-button pdfprnt-button-pdf\" target=\"_blank\"><img decoding=\"async\" src=\"https:\/\/pedrovelho.rn.gov.br\/transparente\/index\/wp-content\/plugins\/pdf-print\/images\/pdf.png\" alt=\"image_pdf\" title=\"Ver PDF\" \/><\/a><a href=\"https:\/\/pedrovelho.rn.gov.br\/transparente\/index\/wp-json\/wp\/v2\/posts\/26651?print=print\" class=\"pdfprnt-button pdfprnt-button-print\" target=\"_blank\"><img decoding=\"async\" src=\"https:\/\/pedrovelho.rn.gov.br\/transparente\/index\/wp-content\/plugins\/pdf-print\/images\/print.png\" alt=\"image_print\" title=\"Conte\u00fado de impress\u00e3o\" \/><\/a><\/div><div style=\"margin: 20px 0;\"><div class=\"qrcswholewtapper\" style=\"text-align:left;\"><div class=\"qrcprowrapper\"  id=\"qrcwraa2leds\"><div class=\"qrc_canvass\" id=\"qrc_cuttenpages_2\" style=\"display:inline-block\" data-text=\"https:\/\/pedrovelho.rn.gov.br\/transparente\/index\/homologacao-e-ratificacao-uniao-nacional-dos-dirigentes-municipais-de-educacao\/\"><\/div><\/div><\/div><\/div>","protected":false},"excerpt":{"rendered":"<p>ESTADO DO RIO GRANDE DO NORTE PREFEITURA MUNICIPAL DE PEDRO VELHO RATIFICA\u00c7\u00c3O REFERENTE AO TERMO DE DISPENSA DE LICITA\u00c7\u00c3O A Prefeita Constitucional de Pedro Velho\/RN, no uso das atribui\u00e7\u00f5es que lhe s\u00e3o conferidas pela Lei Org\u00e2nica do Munic\u00edpio e ainda, ancorada na norma inscrita no Art. 26, \u201ccaput\u201d, da Lei Regente, considerando o incomensur\u00e1vel interesse [&hellip;]<\/p>\n","protected":false},"author":1,"featured_media":0,"comment_status":"closed","ping_status":"closed","sticky":false,"template":"","format":"standard","meta":{"_et_pb_use_builder":"","_et_pb_old_content":"","_et_gb_content_width":"","footnotes":""},"categories":[110,290,105,65,123],"tags":[],"class_list":["post-26651","post","type-post","status-publish","format-standard","hentry","category-dispensa-de-licitacao","category-dispensa-de-licitacao-2022","category-homologacao","category-licitacao","category-termo-de-ratificacao"],"_links":{"self":[{"href":"https:\/\/pedrovelho.rn.gov.br\/transparente\/index\/wp-json\/wp\/v2\/posts\/26651","targetHints":{"allow":["GET"]}}],"collection":[{"href":"https:\/\/pedrovelho.rn.gov.br\/transparente\/index\/wp-json\/wp\/v2\/posts"}],"about":[{"href":"https:\/\/pedrovelho.rn.gov.br\/transparente\/index\/wp-json\/wp\/v2\/types\/post"}],"author":[{"embeddable":true,"href":"https:\/\/pedrovelho.rn.gov.br\/transparente\/index\/wp-json\/wp\/v2\/users\/1"}],"replies":[{"embeddable":true,"href":"https:\/\/pedrovelho.rn.gov.br\/transparente\/index\/wp-json\/wp\/v2\/comments?post=26651"}],"version-history":[{"count":1,"href":"https:\/\/pedrovelho.rn.gov.br\/transparente\/index\/wp-json\/wp\/v2\/posts\/26651\/revisions"}],"predecessor-version":[{"id":26655,"href":"https:\/\/pedrovelho.rn.gov.br\/transparente\/index\/wp-json\/wp\/v2\/posts\/26651\/revisions\/26655"}],"wp:attachment":[{"href":"https:\/\/pedrovelho.rn.gov.br\/transparente\/index\/wp-json\/wp\/v2\/media?parent=26651"}],"wp:term":[{"taxonomy":"category","embeddable":true,"href":"https:\/\/pedrovelho.rn.gov.br\/transparente\/index\/wp-json\/wp\/v2\/categories?post=26651"},{"taxonomy":"post_tag","embeddable":true,"href":"https:\/\/pedrovelho.rn.gov.br\/transparente\/index\/wp-json\/wp\/v2\/tags?post=26651"}],"curies":[{"name":"wp","href":"https:\/\/api.w.org\/{rel}","templated":true}]}}