{"id":27147,"date":"2022-10-19T18:54:35","date_gmt":"2022-10-19T18:54:35","guid":{"rendered":"https:\/\/pedrovelho.rn.gov.br\/transparente\/index\/?p=27147"},"modified":"2022-11-03T18:55:34","modified_gmt":"2022-11-03T18:55:34","slug":"portaria-no-375-2022-secadm-concede-ao-servidor-da-prefeitura-municipal-de-pedro-velho-severino-do-ramos-de-oliveira-cpf-406-668-754-72-lotado-na-prefeitura-municipal-de-pedro-velho-rn-ocupante","status":"publish","type":"post","link":"https:\/\/pedrovelho.rn.gov.br\/transparente\/index\/portaria-no-375-2022-secadm-concede-ao-servidor-da-prefeitura-municipal-de-pedro-velho-severino-do-ramos-de-oliveira-cpf-406-668-754-72-lotado-na-prefeitura-municipal-de-pedro-velho-rn-ocupante\/","title":{"rendered":"PORTARIA N\u00ba 375\/2022-SECADM &#8211; Concede ao servidor da Prefeitura Municipal de Pedro Velho, SEVERINO DO RAMOS DE OLIVEIRA, CPF: 406.668.754-72, lotado na PREFEITURA MUNICIPAL DE PEDRO VELHO\/RN, ocupante do cargo de Chefe do Setor Pessoal, 05 (CINCO) DI\u00c1RIAS"},"content":{"rendered":"<p style=\"text-align: center;\"><strong>ESTADO DO RIO GRANDE DO NORTE<\/strong><br \/>\n<strong>PREFEITURA MUNICIPAL DE PEDRO VELHO<\/strong><\/p>\n<hr \/>\n<p><strong>PORTARIA N\u00ba 375\/2022-SECADM, DE 19 DE OUTUBRO DE 2022.<\/strong><\/p>\n<p><em>Concede di\u00e1ria a servidor que espec\u00edfica e d\u00e1 outras provid\u00eancias.<\/em><\/p>\n<p><strong>O SECRETARIO MUNICIPAL DE ADMINISTRA\u00c7\u00c3O, MUNIC\u00cdPIO DE PEDRO VELHO, <\/strong>nomeador pela Portaria n\u00ba 290\/2022<strong>, <\/strong>no uso de suas atribui\u00e7\u00f5es legais e em conformidade com o Decreto n\u00ba 100\/2010, de 08 de setembro de 2010 e alterado o Art. 3 e anexo 1 pelo Decreto 67 de 25 de outubro de 2019.<\/p>\n<p><strong>R E S O L V E<\/strong><\/p>\n<p><strong>Art. 1\u00ba. <\/strong>Conceder ao servidor da Prefeitura Municipal de Pedro Velho, <strong>SEVERINO DO RAMOS DE OLIVEIRA,<\/strong> CPF: 406.668.754-72, lotado na PREFEITURA MUNICIPAL DE PEDRO VELHO\/RN, ocupante do cargo de<strong> Chefe do Setor Pessoal<\/strong>, 05 (CINCO) DI\u00c1RIAS, para custear despesas com acomoda\u00e7\u00e3o, alimenta\u00e7\u00e3o, deslocamento urbano, durante sua perman\u00eancia na cidade de Jo\u00e3o Pessoa\/PB, no per\u00edodo de 20\/10\/2022 \u00e0 24\/10\/2022, para de conformidade com a solicita\u00e7\u00e3o participar<strong>: 4\u00aa Capacita\u00e7\u00e3o de Desenvolvimento Administrativo<\/strong> na cidade de Jo\u00e3o Pessoa\/PB.<\/p>\n<p><strong>Art. 2\u00ba. <\/strong>Esta Portaria entrar\u00e1 em vigor na data de sua assinatura. Publique-se.<\/p>\n<p>&nbsp;<\/p>\n<p><strong>Pal\u00e1cio Joaquim da Luz, em Pedro Velho\/RN, 19 de outubro de 2022.<\/strong><\/p>\n<p><strong>\u00a0<\/strong><\/p>\n<p><strong>EDSON JERONIMO FREIRE<\/strong><\/p>\n<p><strong>\u00a0<\/strong><\/p>\n<p><strong>SECRET\u00c1RIO MUNICIPAL DE ADMINISTRA\u00c7\u00c3O<\/strong><\/p>\n<div class=\"pdfprnt-buttons pdfprnt-buttons-post pdfprnt-bottom-right\"><a href=\"https:\/\/pedrovelho.rn.gov.br\/transparente\/index\/wp-json\/wp\/v2\/posts\/27147?print=pdf\" class=\"pdfprnt-button pdfprnt-button-pdf\" target=\"_blank\"><img decoding=\"async\" src=\"https:\/\/pedrovelho.rn.gov.br\/transparente\/index\/wp-content\/plugins\/pdf-print\/images\/pdf.png\" alt=\"image_pdf\" title=\"Ver PDF\" \/><\/a><a href=\"https:\/\/pedrovelho.rn.gov.br\/transparente\/index\/wp-json\/wp\/v2\/posts\/27147?print=print\" class=\"pdfprnt-button pdfprnt-button-print\" target=\"_blank\"><img decoding=\"async\" src=\"https:\/\/pedrovelho.rn.gov.br\/transparente\/index\/wp-content\/plugins\/pdf-print\/images\/print.png\" alt=\"image_print\" title=\"Conte\u00fado de impress\u00e3o\" \/><\/a><\/div><div style=\"margin: 20px 0;\"><div class=\"qrcswholewtapper\" style=\"text-align:left;\"><div class=\"qrcprowrapper\"  id=\"qrcwraa2leds\"><div class=\"qrc_canvass\" id=\"qrc_cuttenpages_2\" style=\"display:inline-block\" data-text=\"https:\/\/pedrovelho.rn.gov.br\/transparente\/index\/portaria-no-375-2022-secadm-concede-ao-servidor-da-prefeitura-municipal-de-pedro-velho-severino-do-ramos-de-oliveira-cpf-406-668-754-72-lotado-na-prefeitura-municipal-de-pedro-velho-rn-ocupante\/\"><\/div><\/div><\/div><\/div>","protected":false},"excerpt":{"rendered":"<p>ESTADO DO RIO GRANDE DO NORTE PREFEITURA MUNICIPAL DE PEDRO VELHO PORTARIA N\u00ba 375\/2022-SECADM, DE 19 DE OUTUBRO DE 2022. Concede di\u00e1ria a servidor que espec\u00edfica e d\u00e1 outras provid\u00eancias. O SECRETARIO MUNICIPAL DE ADMINISTRA\u00c7\u00c3O, MUNIC\u00cdPIO DE PEDRO VELHO, nomeador pela Portaria n\u00ba 290\/2022, no uso de suas atribui\u00e7\u00f5es legais e em conformidade com o [&hellip;]<\/p>\n","protected":false},"author":1,"featured_media":0,"comment_status":"closed","ping_status":"closed","sticky":false,"template":"","format":"standard","meta":{"_et_pb_use_builder":"","_et_pb_old_content":"","_et_gb_content_width":"","footnotes":""},"categories":[75,76,193],"tags":[],"class_list":["post-27147","post","type-post","status-publish","format-standard","hentry","category-legislacao","category-portarias","category-portarias-municipais-2022"],"_links":{"self":[{"href":"https:\/\/pedrovelho.rn.gov.br\/transparente\/index\/wp-json\/wp\/v2\/posts\/27147","targetHints":{"allow":["GET"]}}],"collection":[{"href":"https:\/\/pedrovelho.rn.gov.br\/transparente\/index\/wp-json\/wp\/v2\/posts"}],"about":[{"href":"https:\/\/pedrovelho.rn.gov.br\/transparente\/index\/wp-json\/wp\/v2\/types\/post"}],"author":[{"embeddable":true,"href":"https:\/\/pedrovelho.rn.gov.br\/transparente\/index\/wp-json\/wp\/v2\/users\/1"}],"replies":[{"embeddable":true,"href":"https:\/\/pedrovelho.rn.gov.br\/transparente\/index\/wp-json\/wp\/v2\/comments?post=27147"}],"version-history":[{"count":1,"href":"https:\/\/pedrovelho.rn.gov.br\/transparente\/index\/wp-json\/wp\/v2\/posts\/27147\/revisions"}],"predecessor-version":[{"id":27148,"href":"https:\/\/pedrovelho.rn.gov.br\/transparente\/index\/wp-json\/wp\/v2\/posts\/27147\/revisions\/27148"}],"wp:attachment":[{"href":"https:\/\/pedrovelho.rn.gov.br\/transparente\/index\/wp-json\/wp\/v2\/media?parent=27147"}],"wp:term":[{"taxonomy":"category","embeddable":true,"href":"https:\/\/pedrovelho.rn.gov.br\/transparente\/index\/wp-json\/wp\/v2\/categories?post=27147"},{"taxonomy":"post_tag","embeddable":true,"href":"https:\/\/pedrovelho.rn.gov.br\/transparente\/index\/wp-json\/wp\/v2\/tags?post=27147"}],"curies":[{"name":"wp","href":"https:\/\/api.w.org\/{rel}","templated":true}]}}