{"id":27219,"date":"2022-12-21T12:13:16","date_gmt":"2022-12-21T12:13:16","guid":{"rendered":"https:\/\/pedrovelho.rn.gov.br\/transparente\/index\/?p=27219"},"modified":"2023-01-10T12:14:34","modified_gmt":"2023-01-10T12:14:34","slug":"lei-no-643-2022-institui-o-decimo-terceiro-subsidio-e-o-gozo-de-ferias-remuneradas-como-direitos-sociais-dos-vereadores-integrantes-da-camara-municipal-de-pedro-velho-rn-na-forma-que-indica","status":"publish","type":"post","link":"https:\/\/pedrovelho.rn.gov.br\/transparente\/index\/lei-no-643-2022-institui-o-decimo-terceiro-subsidio-e-o-gozo-de-ferias-remuneradas-como-direitos-sociais-dos-vereadores-integrantes-da-camara-municipal-de-pedro-velho-rn-na-forma-que-indica\/","title":{"rendered":"LEI N\u00ba 643\/2022 &#8211; INSTITUI O D\u00c9CIMO TERCEIRO SUBS\u00cdDIO E O GOZO DE F\u00c9RIAS REMUNERADAS COMO DIREITOS SOCIAIS DOS VEREADORES INTEGRANTES DA C\u00c2MARA MUNICIPAL DE PEDRO VELHO\/RN, NA FORMA QUE INDICA."},"content":{"rendered":"<p style=\"text-align: center;\" data-raofz=\"14\"><strong>ESTADO DO RIO GRANDE DO NORTE<\/strong><br \/>\n<strong>PREFEITURA MUNICIPAL DE PEDRO VELHO<\/strong><\/p>\n<hr \/>\n<p><strong>LEI N\u00ba 643\/2022.<\/strong><\/p>\n<p><strong>\u00a0<\/strong><\/p>\n<p><strong>INSTITUI O D\u00c9CIMO TERCEIRO SUBS\u00cdDIO E O GOZO DE F\u00c9RIAS REMUNERADAS COMO DIREITOS SOCIAIS DOS VEREADORES INTEGRANTES DA C\u00c2MARA MUNICIPAL DE PEDRO VELHO\/RN, NA FORMA QUE INDICA.<\/strong><\/p>\n<p>&nbsp;<\/p>\n<p>A <strong>PREFEITA MUNICIPAL DO MUNIC\u00cdPIO DE PEDRO VELHO<\/strong>, Estado do Rio Grande do Norte, no uso das atribui\u00e7\u00f5es que lhes s\u00e3o conferidas por Lei, em especial, o que \u00e9 disposto na Lei Org\u00e2nica Municipal, em especial, o magist\u00e9rio encartado no art. 6\u00ba, I, combinado com o art. 51, III.<\/p>\n<p>&nbsp;<\/p>\n<p><strong>FAZ SABER<\/strong> que a C\u00e2mara Municipal aprovou e ela sanciona a seguinte Lei:<\/p>\n<p><strong>DE NOVEMBRO DE 2022.<\/strong><\/p>\n<p><strong>EMENTA: <\/strong><\/p>\n<p><strong>\u00a0<\/strong><\/p>\n<p>Art. 1\u00ba Ficam institu\u00eddos como direitos sociais dos Vereadores da C\u00e2mara Municipal de Pedro Velho\/RN, sendo o d\u00e9cimo terceiro subs\u00eddio e o gozo de f\u00e9rias remuneradas, estas \u00faltimas acrescidas de 1\/3 (um ter\u00e7o), cujas parcelas integrar\u00e3o os subs\u00eddios para os efeitos legais.<\/p>\n<p>&nbsp;<\/p>\n<p>Art. 2\u00ba O direito ao gozo de f\u00e9rias anuais remuneradas, por 30 (trinta) dias, decorrer\u00e1 do efetivo exerc\u00edcio do cargo de Vereador por 12 (doze) meses, correspondendo ao valor dos subs\u00eddios mensais acrescido de 1\/3.<\/p>\n<ul>\n<li>1\u00ba Caber\u00e1 ao Presidente da C\u00e2mara de Pedro Velho\/RN fixar o calend\u00e1rio para a concess\u00e3o das f\u00e9rias, que poder\u00e1 incluir inclusive os per\u00edodos de recesso previstos no Regimento Interno.<\/li>\n<li>2\u00ba Em nenhuma hip\u00f3tese o Vereador poder\u00e1 acumular f\u00e9rias ou negociar parte delas.<\/li>\n<li>3\u00ba A concess\u00e3o de f\u00e9rias ao Vereador n\u00e3o \u00e9 motiva\u00e7\u00e3o para a convoca\u00e7\u00e3o de suplente.<\/li>\n<li>4\u00ba N\u00e3o ser\u00e1 admitida a indeniza\u00e7\u00e3o de f\u00e9rias n\u00e3o gozadas, exceto nas seguintes hip\u00f3teses:<\/li>\n<\/ul>\n<p>I \u2013 Afastamento definitivo do exerc\u00edcio do cargo antes de findo o per\u00edodo aquisitivo, inclusive em raz\u00e3o do fim do mandato, caso em que o valor das f\u00e9rias ser\u00e1 calculado proporcionalmente ao n\u00famero de meses de efetivo exerc\u00edcio.<\/p>\n<p>II \u2013 No \u00faltimo ano do mandato, de forma integral, caso coincida a conclus\u00e3o do per\u00edodo aquisitivo com o encerramento do mandato.<\/p>\n<ul>\n<li>5\u00ba Quando da formaliza\u00e7\u00e3o do calend\u00e1rio de f\u00e9rias previsto do \u00a71\u00ba deste artigo ser\u00e1 observada a conveni\u00eancia administrativa, de modo que n\u00e3o haja preju\u00edzo aos trabalhos do Poder Legislativo.<\/li>\n<\/ul>\n<p>&nbsp;<\/p>\n<p>Art. 3\u00ba O 13\u00ba sal\u00e1rio (d\u00e9cimo terceiro) subs\u00eddio corresponder\u00e1 a 1\/12 (um doze avos) do subs\u00eddio mensal, por m\u00eas de efetivo exerc\u00edcio no cargo.<\/p>\n<ul>\n<li>1\u00ba Nos casos de extin\u00e7\u00e3o do mandato ou da vig\u00eancia da presente Lei n\u00e3o coincidir com o in\u00edcio do exerc\u00edcio, o 13\u00ba (d\u00e9cimo terceiro) ser\u00e1 pago proporcionalmente ao n\u00famero de meses de exerc\u00edcio no ano.<\/li>\n<li>2\u00ba O 13\u00ba (d\u00e9cimo terceiro) poder\u00e1 ser pago em duas parcelas, sendo a primeira at\u00e9 30 de novembro e a segunda at\u00e9 o dia 20 de dezembro de cada exerc\u00edcio.<\/li>\n<\/ul>\n<p>&nbsp;<\/p>\n<p>Art. 4\u00ba Para os efeitos desta Lei a fra\u00e7\u00e3o igual ou superior a 15 (quinze) dias de efetivo exerc\u00edcio ser\u00e1 tomada como m\u00eas integral.<\/p>\n<p>Art. 5\u00ba As despesas decorrentes da presente Lei correr\u00e3o por conta da dota\u00e7\u00e3o pr\u00f3pria do or\u00e7amento vigente da C\u00e2mara Municipal de Pedro Velho\/RN.<\/p>\n<p>&nbsp;<\/p>\n<p>Art. 6\u00ba Esta Lei entra em vigor na data 1\u00ba de janeiro de 2023, revogadas as disposi\u00e7\u00f5es em contr\u00e1rio.<\/p>\n<p>&nbsp;<\/p>\n<p>Pedro Velho \u2013 RN, 21 de dezembro de 2022.<\/p>\n<p><strong>\u00a0<\/strong><\/p>\n<p><strong>\u00a0<\/strong><\/p>\n<p><strong>\u00a0<\/strong><\/p>\n<p><strong>Francisca Edna de Lemos<\/strong><\/p>\n<p>Prefeita Municipal<\/p>\n<div class=\"pdfprnt-buttons pdfprnt-buttons-post pdfprnt-bottom-right\"><a href=\"https:\/\/pedrovelho.rn.gov.br\/transparente\/index\/wp-json\/wp\/v2\/posts\/27219?print=pdf\" class=\"pdfprnt-button pdfprnt-button-pdf\" target=\"_blank\"><img decoding=\"async\" src=\"https:\/\/pedrovelho.rn.gov.br\/transparente\/index\/wp-content\/plugins\/pdf-print\/images\/pdf.png\" alt=\"image_pdf\" title=\"Ver PDF\" \/><\/a><a href=\"https:\/\/pedrovelho.rn.gov.br\/transparente\/index\/wp-json\/wp\/v2\/posts\/27219?print=print\" class=\"pdfprnt-button pdfprnt-button-print\" target=\"_blank\"><img decoding=\"async\" src=\"https:\/\/pedrovelho.rn.gov.br\/transparente\/index\/wp-content\/plugins\/pdf-print\/images\/print.png\" alt=\"image_print\" title=\"Conte\u00fado de impress\u00e3o\" \/><\/a><\/div><div style=\"margin: 20px 0;\"><div class=\"qrcswholewtapper\" style=\"text-align:left;\"><div class=\"qrcprowrapper\"  id=\"qrcwraa2leds\"><div class=\"qrc_canvass\" id=\"qrc_cuttenpages_2\" style=\"display:inline-block\" data-text=\"https:\/\/pedrovelho.rn.gov.br\/transparente\/index\/lei-no-643-2022-institui-o-decimo-terceiro-subsidio-e-o-gozo-de-ferias-remuneradas-como-direitos-sociais-dos-vereadores-integrantes-da-camara-municipal-de-pedro-velho-rn-na-forma-que-indica\/\"><\/div><\/div><\/div><\/div>","protected":false},"excerpt":{"rendered":"<p>ESTADO DO RIO GRANDE DO NORTE PREFEITURA MUNICIPAL DE PEDRO VELHO LEI N\u00ba 643\/2022. \u00a0 INSTITUI O D\u00c9CIMO TERCEIRO SUBS\u00cdDIO E O GOZO DE F\u00c9RIAS REMUNERADAS COMO DIREITOS SOCIAIS DOS VEREADORES INTEGRANTES DA C\u00c2MARA MUNICIPAL DE PEDRO VELHO\/RN, NA FORMA QUE INDICA. &nbsp; A PREFEITA MUNICIPAL DO MUNIC\u00cdPIO DE PEDRO VELHO, Estado do Rio Grande [&hellip;]<\/p>\n","protected":false},"author":1,"featured_media":0,"comment_status":"closed","ping_status":"closed","sticky":false,"template":"","format":"standard","meta":{"_et_pb_use_builder":"","_et_pb_old_content":"","_et_gb_content_width":"","footnotes":""},"categories":[75,78,187],"tags":[],"class_list":["post-27219","post","type-post","status-publish","format-standard","hentry","category-legislacao","category-leis","category-leis-municipais-2022"],"_links":{"self":[{"href":"https:\/\/pedrovelho.rn.gov.br\/transparente\/index\/wp-json\/wp\/v2\/posts\/27219","targetHints":{"allow":["GET"]}}],"collection":[{"href":"https:\/\/pedrovelho.rn.gov.br\/transparente\/index\/wp-json\/wp\/v2\/posts"}],"about":[{"href":"https:\/\/pedrovelho.rn.gov.br\/transparente\/index\/wp-json\/wp\/v2\/types\/post"}],"author":[{"embeddable":true,"href":"https:\/\/pedrovelho.rn.gov.br\/transparente\/index\/wp-json\/wp\/v2\/users\/1"}],"replies":[{"embeddable":true,"href":"https:\/\/pedrovelho.rn.gov.br\/transparente\/index\/wp-json\/wp\/v2\/comments?post=27219"}],"version-history":[{"count":1,"href":"https:\/\/pedrovelho.rn.gov.br\/transparente\/index\/wp-json\/wp\/v2\/posts\/27219\/revisions"}],"predecessor-version":[{"id":27220,"href":"https:\/\/pedrovelho.rn.gov.br\/transparente\/index\/wp-json\/wp\/v2\/posts\/27219\/revisions\/27220"}],"wp:attachment":[{"href":"https:\/\/pedrovelho.rn.gov.br\/transparente\/index\/wp-json\/wp\/v2\/media?parent=27219"}],"wp:term":[{"taxonomy":"category","embeddable":true,"href":"https:\/\/pedrovelho.rn.gov.br\/transparente\/index\/wp-json\/wp\/v2\/categories?post=27219"},{"taxonomy":"post_tag","embeddable":true,"href":"https:\/\/pedrovelho.rn.gov.br\/transparente\/index\/wp-json\/wp\/v2\/tags?post=27219"}],"curies":[{"name":"wp","href":"https:\/\/api.w.org\/{rel}","templated":true}]}}