{"id":27272,"date":"2022-12-09T13:47:56","date_gmt":"2022-12-09T13:47:56","guid":{"rendered":"https:\/\/pedrovelho.rn.gov.br\/transparente\/index\/?p=27272"},"modified":"2023-01-10T13:49:26","modified_gmt":"2023-01-10T13:49:26","slug":"portaria-de-diaria-n-483-2022-concede-a-prefeita-municipal-a-sra-francisca-edna-de-lemos-matricula-no-0010677-2-4-quatro-diarias","status":"publish","type":"post","link":"https:\/\/pedrovelho.rn.gov.br\/transparente\/index\/portaria-de-diaria-n-483-2022-concede-a-prefeita-municipal-a-sra-francisca-edna-de-lemos-matricula-no-0010677-2-4-quatro-diarias\/","title":{"rendered":"PORTARIA DE DI\u00c1RIA N\u00b0 483\/2022 &#8211; Concede a Prefeita Municipal a Sra. Francisca Edna de Lemos, matr\u00edcula N\u00ba 0010677-2, 4 (quatro) di\u00e1rias"},"content":{"rendered":"<p style=\"text-align: center;\" data-raofz=\"14\"><strong>ESTADO DO RIO GRANDE DO NORTE<\/strong><br \/>\n<strong>PREFEITURA MUNICIPAL DE PEDRO VELHO<\/strong><\/p>\n<hr \/>\n<p><strong>PORTARIA DE DI\u00c1RIA N\u00b0 483, DE 09 DE DEZEMBRO DE 2022.<\/strong><\/p>\n<p>&nbsp;<\/p>\n<p><em>\u201cConceder di\u00e1rias espec\u00edfica e d\u00e1\u00a0Outras provid\u00eancias.\u201d<\/em><\/p>\n<p>&nbsp;<\/p>\n<p>O <strong>SECRET\u00c1RIO MUNICIPAL DE ADMINISTRA\u00c7\u00c3O DO MUNICIPIO DE PEDRO VELHO<\/strong>, nomeado pela portaria 389\/2022, no uso de suas atribui\u00e7\u00f5es legais e em conformidade com o Decreto N.\u00ba 100\/2010, de 08 de setembro de 2010, e alterado o Artigo 3 e anexo 01 pelo Decreto N\u00ba 67\/2019, de 25 de outubro de 2019.<\/p>\n<p>&nbsp;<\/p>\n<p><strong>RESOLVE:<\/strong><\/p>\n<p>Art. 1 \u2013 Conceder a Prefeita Municipal a <strong>Sra. Francisca Edna de Lemos<\/strong>, matr\u00edcula N\u00ba 0010677-2, 4 (quatro) di\u00e1rias, para custear despesas com alimenta\u00e7\u00e3o, hospedagem e deslocamento urbano, durante sua perman\u00eancia na cidade de BRASILIA (DF), para <strong>Mobiliza\u00e7\u00e3o Municipalista em Bras\u00edlia &#8211; 13 de dezembro<\/strong> <strong>CNM<\/strong>, em busca de recursos(emendas) nos Gabinetes dos Deputados Federais e Senadores do Rio Grande do Norte, visita aos Minist\u00e9rios em busca de Recursos, al\u00e9m de resolu\u00e7\u00e3o de diversos assuntos pertinentes as pastas, de 11 a 15 de dezembro de 2022, na cidade de BRASILIA \u2013 DF.<\/p>\n<p>Art. 2 &#8211; Esta Portaria entrar em vigor na data de sua publica\u00e7\u00e3o, revogando-se as disposi\u00e7\u00f5es em contr\u00e1rio.<\/p>\n<p>&nbsp;<\/p>\n<p>&nbsp;<\/p>\n<p>Palacio Joaquim da Luz, em Pedro Velho\/RN, 09 de dezembro de 2022.<\/p>\n<p>&nbsp;<\/p>\n<p>&nbsp;<\/p>\n<p><strong>ANDRE LEONI BEZERRA DE SOUZA<\/strong><\/p>\n<p>Secret\u00e1rio Municipal de Administra\u00e7\u00e3o<\/p>\n<div class=\"pdfprnt-buttons pdfprnt-buttons-post pdfprnt-bottom-right\"><a href=\"https:\/\/pedrovelho.rn.gov.br\/transparente\/index\/wp-json\/wp\/v2\/posts\/27272?print=pdf\" class=\"pdfprnt-button pdfprnt-button-pdf\" target=\"_blank\"><img decoding=\"async\" src=\"https:\/\/pedrovelho.rn.gov.br\/transparente\/index\/wp-content\/plugins\/pdf-print\/images\/pdf.png\" alt=\"image_pdf\" title=\"Ver PDF\" \/><\/a><a href=\"https:\/\/pedrovelho.rn.gov.br\/transparente\/index\/wp-json\/wp\/v2\/posts\/27272?print=print\" class=\"pdfprnt-button pdfprnt-button-print\" target=\"_blank\"><img decoding=\"async\" src=\"https:\/\/pedrovelho.rn.gov.br\/transparente\/index\/wp-content\/plugins\/pdf-print\/images\/print.png\" alt=\"image_print\" title=\"Conte\u00fado de impress\u00e3o\" \/><\/a><\/div><div style=\"margin: 20px 0;\"><div class=\"qrcswholewtapper\" style=\"text-align:left;\"><div class=\"qrcprowrapper\"  id=\"qrcwraa2leds\"><div class=\"qrc_canvass\" id=\"qrc_cuttenpages_2\" style=\"display:inline-block\" data-text=\"https:\/\/pedrovelho.rn.gov.br\/transparente\/index\/portaria-de-diaria-n-483-2022-concede-a-prefeita-municipal-a-sra-francisca-edna-de-lemos-matricula-no-0010677-2-4-quatro-diarias\/\"><\/div><\/div><\/div><\/div>","protected":false},"excerpt":{"rendered":"<p>ESTADO DO RIO GRANDE DO NORTE PREFEITURA MUNICIPAL DE PEDRO VELHO PORTARIA DE DI\u00c1RIA N\u00b0 483, DE 09 DE DEZEMBRO DE 2022. &nbsp; \u201cConceder di\u00e1rias espec\u00edfica e d\u00e1\u00a0Outras provid\u00eancias.\u201d &nbsp; O SECRET\u00c1RIO MUNICIPAL DE ADMINISTRA\u00c7\u00c3O DO MUNICIPIO DE PEDRO VELHO, nomeado pela portaria 389\/2022, no uso de suas atribui\u00e7\u00f5es legais e em conformidade com o [&hellip;]<\/p>\n","protected":false},"author":1,"featured_media":0,"comment_status":"closed","ping_status":"closed","sticky":false,"template":"","format":"standard","meta":{"_et_pb_use_builder":"","_et_pb_old_content":"","_et_gb_content_width":"","footnotes":""},"categories":[75,76,193],"tags":[],"class_list":["post-27272","post","type-post","status-publish","format-standard","hentry","category-legislacao","category-portarias","category-portarias-municipais-2022"],"_links":{"self":[{"href":"https:\/\/pedrovelho.rn.gov.br\/transparente\/index\/wp-json\/wp\/v2\/posts\/27272","targetHints":{"allow":["GET"]}}],"collection":[{"href":"https:\/\/pedrovelho.rn.gov.br\/transparente\/index\/wp-json\/wp\/v2\/posts"}],"about":[{"href":"https:\/\/pedrovelho.rn.gov.br\/transparente\/index\/wp-json\/wp\/v2\/types\/post"}],"author":[{"embeddable":true,"href":"https:\/\/pedrovelho.rn.gov.br\/transparente\/index\/wp-json\/wp\/v2\/users\/1"}],"replies":[{"embeddable":true,"href":"https:\/\/pedrovelho.rn.gov.br\/transparente\/index\/wp-json\/wp\/v2\/comments?post=27272"}],"version-history":[{"count":1,"href":"https:\/\/pedrovelho.rn.gov.br\/transparente\/index\/wp-json\/wp\/v2\/posts\/27272\/revisions"}],"predecessor-version":[{"id":27273,"href":"https:\/\/pedrovelho.rn.gov.br\/transparente\/index\/wp-json\/wp\/v2\/posts\/27272\/revisions\/27273"}],"wp:attachment":[{"href":"https:\/\/pedrovelho.rn.gov.br\/transparente\/index\/wp-json\/wp\/v2\/media?parent=27272"}],"wp:term":[{"taxonomy":"category","embeddable":true,"href":"https:\/\/pedrovelho.rn.gov.br\/transparente\/index\/wp-json\/wp\/v2\/categories?post=27272"},{"taxonomy":"post_tag","embeddable":true,"href":"https:\/\/pedrovelho.rn.gov.br\/transparente\/index\/wp-json\/wp\/v2\/tags?post=27272"}],"curies":[{"name":"wp","href":"https:\/\/api.w.org\/{rel}","templated":true}]}}