{"id":27544,"date":"2022-11-11T12:10:27","date_gmt":"2022-11-11T12:10:27","guid":{"rendered":"https:\/\/pedrovelho.rn.gov.br\/transparente\/index\/?p=27544"},"modified":"2023-02-06T12:11:26","modified_gmt":"2023-02-06T12:11:26","slug":"decreto-n-o-175-2022-decreto-ponto-facultativo-no-ambito-da-administracao-municipal-em-virtude-da-transferencia-das-comemeracoes-alusivias-ao-dia-do-servidor-publico","status":"publish","type":"post","link":"https:\/\/pedrovelho.rn.gov.br\/transparente\/index\/decreto-n-o-175-2022-decreto-ponto-facultativo-no-ambito-da-administracao-municipal-em-virtude-da-transferencia-das-comemeracoes-alusivias-ao-dia-do-servidor-publico\/","title":{"rendered":"DECRETO N.\u00ba 175\/2022 &#8211; DECRETO PONTO FACULTATIVO, NO AMBITO DA ADMINISTRA\u00c7\u00c3O MUNICIPAL, EM VIRTUDE DA TRANSFERENCIA DAS COMEMERA\u00c7\u00d5ES ALUSIVIAS AO DIA DO SERVIDOR P\u00daBLICO."},"content":{"rendered":"<p style=\"text-align: center;\" data-raofz=\"14\"><strong>ESTADO DO RIO GRANDE DO NORTE<\/strong><br \/>\n<strong>PREFEITURA MUNICIPAL DE PEDRO VELHO<\/strong><\/p>\n<hr \/>\n<p><strong>DECRETO N.\u00ba 175\/2022<\/strong><\/p>\n<p><strong>DECRETO PONTO FACULTATIVO, NO AMBITO DA ADMINISTRA\u00c7\u00c3O MUNICIPAL, EM VIRTUDE DA TRANSFERENCIA DAS COMEMERA\u00c7\u00d5ES ALUSIVIAS AO DIA DO SERVIDOR P\u00daBLICO. <\/strong><\/p>\n<p><strong><u>A PREFEITA MUNICIPAL DE PEDRO VELHO<\/u><\/strong>, estado do Rio Grande do Norte, no uso de suas atribui\u00e7\u00f5es que lhes s\u00e3o conferidas por Lei, e ainda.<\/p>\n<p><strong>CONSIDERANDO <\/strong>que o Governo do Estado do Rio Grande do Norte, expediu Decreto n\u00ba 32.056\/2022, o qual transferiu o ponto facultativo do Dia do Servidor P\u00fablico.<\/p>\n<p><strong>CONSIDERANDO<\/strong> finalmente, o poder-dever atribu\u00eddo aos gestores p\u00fablicos, na ado\u00e7\u00e3o de medidas necess\u00e1rias ao pleno funcionamento da m\u00e1quina estatal municipal,<\/p>\n<p>&nbsp;<\/p>\n<p><strong>DECRETA:<\/strong><\/p>\n<p><strong>Art. 1\u00ba<\/strong> Fica decretado ponto facultativo no dia 14 de novembro do ano corrente, no \u00e2mbito de toda administra\u00e7\u00e3o publica municipal, em virtude da transfer\u00eancia das comemora\u00e7\u00f5es alusivas ao dia do servidor p\u00fablico.<\/p>\n<p><strong>Art. 2\u00ba<\/strong> Excetuam-se os \u00f3rg\u00e3os e entidade de presta\u00e7\u00e3o de servi\u00e7os essenciais, cabendo aos seus dirigentes a preserva\u00e7\u00e3o e o funcionamento dos referidos servi\u00e7os afetos \u00e0s respectivas \u00e1reas de compet\u00eancia.<\/p>\n<p><strong>Art. 3\u00ba<\/strong> Este Decreto entra em vigor na data de sua publica\u00e7\u00e3o.<\/p>\n<p>Pedro Velho\/RN, 11 de novembro de 2022.<\/p>\n<p>&nbsp;<\/p>\n<p><strong>Francisca Edna de Lemos<\/strong><\/p>\n<p><strong>Prefeita Municipal<\/strong><\/p>\n<div class=\"pdfprnt-buttons pdfprnt-buttons-post pdfprnt-bottom-right\"><a href=\"https:\/\/pedrovelho.rn.gov.br\/transparente\/index\/wp-json\/wp\/v2\/posts\/27544?print=pdf\" class=\"pdfprnt-button pdfprnt-button-pdf\" target=\"_blank\"><img decoding=\"async\" src=\"https:\/\/pedrovelho.rn.gov.br\/transparente\/index\/wp-content\/plugins\/pdf-print\/images\/pdf.png\" alt=\"image_pdf\" title=\"Ver PDF\" \/><\/a><a href=\"https:\/\/pedrovelho.rn.gov.br\/transparente\/index\/wp-json\/wp\/v2\/posts\/27544?print=print\" class=\"pdfprnt-button pdfprnt-button-print\" target=\"_blank\"><img decoding=\"async\" src=\"https:\/\/pedrovelho.rn.gov.br\/transparente\/index\/wp-content\/plugins\/pdf-print\/images\/print.png\" alt=\"image_print\" title=\"Conte\u00fado de impress\u00e3o\" \/><\/a><\/div><div style=\"margin: 20px 0;\"><div class=\"qrcswholewtapper\" style=\"text-align:left;\"><div class=\"qrcprowrapper\"  id=\"qrcwraa2leds\"><div class=\"qrc_canvass\" id=\"qrc_cuttenpages_2\" style=\"display:inline-block\" data-text=\"https:\/\/pedrovelho.rn.gov.br\/transparente\/index\/decreto-n-o-175-2022-decreto-ponto-facultativo-no-ambito-da-administracao-municipal-em-virtude-da-transferencia-das-comemeracoes-alusivias-ao-dia-do-servidor-publico\/\"><\/div><\/div><\/div><\/div>","protected":false},"excerpt":{"rendered":"<p>ESTADO DO RIO GRANDE DO NORTE PREFEITURA MUNICIPAL DE PEDRO VELHO DECRETO N.\u00ba 175\/2022 DECRETO PONTO FACULTATIVO, NO AMBITO DA ADMINISTRA\u00c7\u00c3O MUNICIPAL, EM VIRTUDE DA TRANSFERENCIA DAS COMEMERA\u00c7\u00d5ES ALUSIVIAS AO DIA DO SERVIDOR P\u00daBLICO. A PREFEITA MUNICIPAL DE PEDRO VELHO, estado do Rio Grande do Norte, no uso de suas atribui\u00e7\u00f5es que lhes s\u00e3o conferidas [&hellip;]<\/p>\n","protected":false},"author":1,"featured_media":0,"comment_status":"closed","ping_status":"closed","sticky":false,"template":"","format":"standard","meta":{"_et_pb_use_builder":"","_et_pb_old_content":"","_et_gb_content_width":"","footnotes":""},"categories":[77,192,75],"tags":[],"class_list":["post-27544","post","type-post","status-publish","format-standard","hentry","category-decretos","category-decretos-municipais-2022","category-legislacao"],"_links":{"self":[{"href":"https:\/\/pedrovelho.rn.gov.br\/transparente\/index\/wp-json\/wp\/v2\/posts\/27544","targetHints":{"allow":["GET"]}}],"collection":[{"href":"https:\/\/pedrovelho.rn.gov.br\/transparente\/index\/wp-json\/wp\/v2\/posts"}],"about":[{"href":"https:\/\/pedrovelho.rn.gov.br\/transparente\/index\/wp-json\/wp\/v2\/types\/post"}],"author":[{"embeddable":true,"href":"https:\/\/pedrovelho.rn.gov.br\/transparente\/index\/wp-json\/wp\/v2\/users\/1"}],"replies":[{"embeddable":true,"href":"https:\/\/pedrovelho.rn.gov.br\/transparente\/index\/wp-json\/wp\/v2\/comments?post=27544"}],"version-history":[{"count":1,"href":"https:\/\/pedrovelho.rn.gov.br\/transparente\/index\/wp-json\/wp\/v2\/posts\/27544\/revisions"}],"predecessor-version":[{"id":27545,"href":"https:\/\/pedrovelho.rn.gov.br\/transparente\/index\/wp-json\/wp\/v2\/posts\/27544\/revisions\/27545"}],"wp:attachment":[{"href":"https:\/\/pedrovelho.rn.gov.br\/transparente\/index\/wp-json\/wp\/v2\/media?parent=27544"}],"wp:term":[{"taxonomy":"category","embeddable":true,"href":"https:\/\/pedrovelho.rn.gov.br\/transparente\/index\/wp-json\/wp\/v2\/categories?post=27544"},{"taxonomy":"post_tag","embeddable":true,"href":"https:\/\/pedrovelho.rn.gov.br\/transparente\/index\/wp-json\/wp\/v2\/tags?post=27544"}],"curies":[{"name":"wp","href":"https:\/\/api.w.org\/{rel}","templated":true}]}}