{"id":28748,"date":"2023-05-18T11:28:07","date_gmt":"2023-05-18T11:28:07","guid":{"rendered":"https:\/\/pedrovelho.rn.gov.br\/transparente\/index\/?p=28748"},"modified":"2025-07-04T15:22:34","modified_gmt":"2025-07-04T15:22:34","slug":"termo-de-ratificacao-dispensa-no-39-2023","status":"publish","type":"post","link":"https:\/\/pedrovelho.rn.gov.br\/transparente\/index\/termo-de-ratificacao-dispensa-no-39-2023\/","title":{"rendered":"TERMO DE RATIFICA\u00c7\u00c3O DISPENSA N\u00ba 39\/2023"},"content":{"rendered":"<p style=\"text-align: center;\" data-raofz=\"14\"><strong>ESTADO DO RIO GRANDE DO NORTE<\/strong><br \/>\n<strong>PREFEITURA MUNICIPAL DE PEDRO VELHO<\/strong><\/p>\n<hr \/>\n<h5>TERMO DE RATIFICA\u00c7\u00c3O DISPENSA N\u00ba 39\/2023<\/h5>\n<p>Reconhecida a hip\u00f3teses de dispensa por parte da Comiss\u00e3o Permanente de Licita\u00e7\u00e3o e amparada em Parecer Jur\u00eddico favor\u00e1vel, RATIFICO a dispensa nos termos do caput do art. 24, II da Lei 8.666\/93 e suas altera\u00e7\u00f5es posteriores para a contrata\u00e7\u00e3o da Empresa\u00a0<strong>F A DOS SANTOS JUNIOR<\/strong>, inscrito no CNPJ:\u00a0<strong>38.030.115\/0001-00<\/strong>, com objeto: Contrata\u00e7\u00e3o de empresa para treinamento e assessoria nos sistemas que comp\u00f5e a gest\u00e3o do SUAS, gest\u00e3o de cadastro \u00fanico, gest\u00e3o do programa\u00a0 bolsa fam\u00edlia, que \u00e9 voltado para as fam\u00edlias em risco de vulnerabilidade social e econ\u00f4mica para atender as necessidades da Secretaria Municipal de Assist\u00eancia Social do Munic\u00edpio de Pedro Velho\/RN. Com valor total de\u00a0R$ 15.840,00 (Quinze mil, oitocentos e quarenta reais), para os devidos fins, nos termos do Art. 26 da Lei N\u00ba 8.666\/93.<\/p>\n<p>&nbsp;<\/p>\n<p>Pedro Velho\/RN, 18 de maio de 2023.<\/p>\n<p>FRANCISCA EDNA DE LEMOS<\/p>\n<p>PREFEITA MUNICIPAL<\/p>\n<div class=\"pdfprnt-buttons pdfprnt-buttons-post pdfprnt-bottom-right\"><a href=\"https:\/\/pedrovelho.rn.gov.br\/transparente\/index\/wp-json\/wp\/v2\/posts\/28748?print=pdf\" class=\"pdfprnt-button pdfprnt-button-pdf\" target=\"_blank\"><img decoding=\"async\" src=\"https:\/\/pedrovelho.rn.gov.br\/transparente\/index\/wp-content\/plugins\/pdf-print\/images\/pdf.png\" alt=\"image_pdf\" title=\"Ver PDF\" \/><\/a><a href=\"https:\/\/pedrovelho.rn.gov.br\/transparente\/index\/wp-json\/wp\/v2\/posts\/28748?print=print\" class=\"pdfprnt-button pdfprnt-button-print\" target=\"_blank\"><img decoding=\"async\" src=\"https:\/\/pedrovelho.rn.gov.br\/transparente\/index\/wp-content\/plugins\/pdf-print\/images\/print.png\" alt=\"image_print\" title=\"Conte\u00fado de impress\u00e3o\" \/><\/a><\/div><div style=\"margin: 20px 0;\"><div class=\"qrcswholewtapper\" style=\"text-align:left;\"><div class=\"qrcprowrapper\"  id=\"qrcwraa2leds\"><div class=\"qrc_canvass\" id=\"qrc_cuttenpages_2\" style=\"display:inline-block\" data-text=\"https:\/\/pedrovelho.rn.gov.br\/transparente\/index\/termo-de-ratificacao-dispensa-no-39-2023\/\"><\/div><\/div><\/div><\/div>","protected":false},"excerpt":{"rendered":"<p>ESTADO DO RIO GRANDE DO NORTE PREFEITURA MUNICIPAL DE PEDRO VELHO TERMO DE RATIFICA\u00c7\u00c3O DISPENSA N\u00ba 39\/2023 Reconhecida a hip\u00f3teses de dispensa por parte da Comiss\u00e3o Permanente de Licita\u00e7\u00e3o e amparada em Parecer Jur\u00eddico favor\u00e1vel, RATIFICO a dispensa nos termos do caput do art. 24, II da Lei 8.666\/93 e suas altera\u00e7\u00f5es posteriores para a [&hellip;]<\/p>\n","protected":false},"author":1,"featured_media":0,"comment_status":"closed","ping_status":"closed","sticky":false,"template":"","format":"standard","meta":{"_et_pb_use_builder":"","_et_pb_old_content":"","_et_gb_content_width":"","footnotes":""},"categories":[110,289,65,123],"tags":[],"class_list":["post-28748","post","type-post","status-publish","format-standard","hentry","category-dispensa-de-licitacao","category-dispensa-de-licitacao-2023","category-licitacao","category-termo-de-ratificacao"],"_links":{"self":[{"href":"https:\/\/pedrovelho.rn.gov.br\/transparente\/index\/wp-json\/wp\/v2\/posts\/28748","targetHints":{"allow":["GET"]}}],"collection":[{"href":"https:\/\/pedrovelho.rn.gov.br\/transparente\/index\/wp-json\/wp\/v2\/posts"}],"about":[{"href":"https:\/\/pedrovelho.rn.gov.br\/transparente\/index\/wp-json\/wp\/v2\/types\/post"}],"author":[{"embeddable":true,"href":"https:\/\/pedrovelho.rn.gov.br\/transparente\/index\/wp-json\/wp\/v2\/users\/1"}],"replies":[{"embeddable":true,"href":"https:\/\/pedrovelho.rn.gov.br\/transparente\/index\/wp-json\/wp\/v2\/comments?post=28748"}],"version-history":[{"count":1,"href":"https:\/\/pedrovelho.rn.gov.br\/transparente\/index\/wp-json\/wp\/v2\/posts\/28748\/revisions"}],"predecessor-version":[{"id":28749,"href":"https:\/\/pedrovelho.rn.gov.br\/transparente\/index\/wp-json\/wp\/v2\/posts\/28748\/revisions\/28749"}],"wp:attachment":[{"href":"https:\/\/pedrovelho.rn.gov.br\/transparente\/index\/wp-json\/wp\/v2\/media?parent=28748"}],"wp:term":[{"taxonomy":"category","embeddable":true,"href":"https:\/\/pedrovelho.rn.gov.br\/transparente\/index\/wp-json\/wp\/v2\/categories?post=28748"},{"taxonomy":"post_tag","embeddable":true,"href":"https:\/\/pedrovelho.rn.gov.br\/transparente\/index\/wp-json\/wp\/v2\/tags?post=28748"}],"curies":[{"name":"wp","href":"https:\/\/api.w.org\/{rel}","templated":true}]}}