{"id":29125,"date":"2023-06-21T14:09:28","date_gmt":"2023-06-21T14:09:28","guid":{"rendered":"https:\/\/pedrovelho.rn.gov.br\/transparente\/index\/?p=29125"},"modified":"2023-07-13T16:18:11","modified_gmt":"2023-07-13T16:18:11","slug":"decreto-n-o-18-2023-decreto-pontos-facultativos-no-ambito-da-administracao-municipal","status":"publish","type":"post","link":"https:\/\/pedrovelho.rn.gov.br\/transparente\/index\/decreto-n-o-18-2023-decreto-pontos-facultativos-no-ambito-da-administracao-municipal\/","title":{"rendered":"DECRETO N.\u00ba 18\/2023 &#8211; DECRETO PONTOS FACULTATIVOS, NO \u00c2MBITO DA ADMINISTRA\u00c7\u00c3O MUNICIPAL."},"content":{"rendered":"<p style=\"text-align: center;\" data-raofz=\"14\"><strong>ESTADO DO RIO GRANDE DO NORTE<\/strong><br \/>\n<strong>PREFEITURA MUNICIPAL DE PEDRO VELHO<\/strong><\/p>\n<hr \/>\n<p style=\"text-align: center;\" data-raofz=\"14\">\n<p><strong>DECRETO N.\u00ba 18\/2023<\/strong><\/p>\n<p><strong>DECRETO PONTOS FACULTATIVOS, NO \u00c2MBITO DA ADMINISTRA\u00c7\u00c3O MUNICIPAL.<\/strong><\/p>\n<p><strong><u>A PREFEITA MUNICIPAL DE PEDRO VELHO<\/u><\/strong>, estado do Rio Grande do Norte, no uso de suas atribui\u00e7\u00f5es que lhes s\u00e3o conferidas por Lei, e ainda.<\/p>\n<p><strong>CONSIDERANDO<\/strong> os festejos juninos \u2013 S\u00e3o Jo\u00e3o e S\u00e3o Pedro \u2013 eventos que integram a cultura de todos os nordestinos.<\/p>\n<p><strong>CONSIDERANDO<\/strong> que os servi\u00e7os essenciais \u00e0 popula\u00e7\u00e3o ser\u00e3o devidamente mantidos, fato que n\u00e3o trar\u00e1 qualquer preju\u00edzo para a popula\u00e7\u00e3o de Pedro Velho (RN).<\/p>\n<p><strong>CONSIDERANDO<\/strong> o poder-dever atribu\u00eddo ao Gestor P\u00fablico de normatizar o expediente nos \u00f3rg\u00e3os que integram o Poder Publico Municipal.<\/p>\n<p><strong>DECRETA:<\/strong><\/p>\n<p><strong>Art. 1\u00ba<\/strong> Ficam declarados pontos facultativos os dias 23 (S\u00e3o Jo\u00e3o) e 29 (S\u00e3o Pedro) do corrente m\u00eas e ano, no \u00e2mbito dos \u00d3rg\u00e3os e Entidades da Administra\u00e7\u00e3o P\u00fablica Direta e Indireta de Poder Executivo Municipal.<\/p>\n<p><strong>Art. 2\u00ba<\/strong> Excetuam-se os \u00f3rg\u00e3os e entidade de presta\u00e7\u00e3o de servi\u00e7os essenciais, tais como: presta\u00e7\u00e3o de servi\u00e7os de sa\u00fade, nas unidades que funcionam 24 horas, limpeza e outros efetivamente necess\u00e1rios, cabendo aos seus dirigentes \u00e0 preserva\u00e7\u00e3o e o funcionamento dos referidos servi\u00e7os afetos \u00e0s respectivas \u00e1reas de compet\u00eancia.<\/p>\n<p><strong>Art. 3\u00ba<\/strong> Este Decreto entra em vigor na data de sua publica\u00e7\u00e3o.<\/p>\n<p>&nbsp;<\/p>\n<p>Pedro Velho\/RN, 21 de junho de 2023.<\/p>\n<p>&nbsp;<\/p>\n<p><strong>Francisca Edna de Lemos<\/strong><\/p>\n<p><strong>Prefeita Municipal<\/strong><\/p>\n<div class=\"pdfprnt-buttons pdfprnt-buttons-post pdfprnt-bottom-right\"><a href=\"https:\/\/pedrovelho.rn.gov.br\/transparente\/index\/wp-json\/wp\/v2\/posts\/29125?print=pdf\" class=\"pdfprnt-button pdfprnt-button-pdf\" target=\"_blank\"><img decoding=\"async\" src=\"https:\/\/pedrovelho.rn.gov.br\/transparente\/index\/wp-content\/plugins\/pdf-print\/images\/pdf.png\" alt=\"image_pdf\" title=\"Ver PDF\" \/><\/a><a href=\"https:\/\/pedrovelho.rn.gov.br\/transparente\/index\/wp-json\/wp\/v2\/posts\/29125?print=print\" class=\"pdfprnt-button pdfprnt-button-print\" target=\"_blank\"><img decoding=\"async\" src=\"https:\/\/pedrovelho.rn.gov.br\/transparente\/index\/wp-content\/plugins\/pdf-print\/images\/print.png\" alt=\"image_print\" title=\"Conte\u00fado de impress\u00e3o\" \/><\/a><\/div><div style=\"margin: 20px 0;\"><div class=\"qrcswholewtapper\" style=\"text-align:left;\"><div class=\"qrcprowrapper\"  id=\"qrcwraa2leds\"><div class=\"qrc_canvass\" id=\"qrc_cuttenpages_2\" style=\"display:inline-block\" data-text=\"https:\/\/pedrovelho.rn.gov.br\/transparente\/index\/decreto-n-o-18-2023-decreto-pontos-facultativos-no-ambito-da-administracao-municipal\/\"><\/div><\/div><\/div><\/div>","protected":false},"excerpt":{"rendered":"<p>ESTADO DO RIO GRANDE DO NORTE PREFEITURA MUNICIPAL DE PEDRO VELHO DECRETO N.\u00ba 18\/2023 DECRETO PONTOS FACULTATIVOS, NO \u00c2MBITO DA ADMINISTRA\u00c7\u00c3O MUNICIPAL. A PREFEITA MUNICIPAL DE PEDRO VELHO, estado do Rio Grande do Norte, no uso de suas atribui\u00e7\u00f5es que lhes s\u00e3o conferidas por Lei, e ainda. CONSIDERANDO os festejos juninos \u2013 S\u00e3o Jo\u00e3o e [&hellip;]<\/p>\n","protected":false},"author":1,"featured_media":0,"comment_status":"closed","ping_status":"closed","sticky":false,"template":"","format":"standard","meta":{"_et_pb_use_builder":"","_et_pb_old_content":"","_et_gb_content_width":"","footnotes":""},"categories":[77,242,75],"tags":[],"class_list":["post-29125","post","type-post","status-publish","format-standard","hentry","category-decretos","category-decretos-municipais-2023","category-legislacao"],"_links":{"self":[{"href":"https:\/\/pedrovelho.rn.gov.br\/transparente\/index\/wp-json\/wp\/v2\/posts\/29125","targetHints":{"allow":["GET"]}}],"collection":[{"href":"https:\/\/pedrovelho.rn.gov.br\/transparente\/index\/wp-json\/wp\/v2\/posts"}],"about":[{"href":"https:\/\/pedrovelho.rn.gov.br\/transparente\/index\/wp-json\/wp\/v2\/types\/post"}],"author":[{"embeddable":true,"href":"https:\/\/pedrovelho.rn.gov.br\/transparente\/index\/wp-json\/wp\/v2\/users\/1"}],"replies":[{"embeddable":true,"href":"https:\/\/pedrovelho.rn.gov.br\/transparente\/index\/wp-json\/wp\/v2\/comments?post=29125"}],"version-history":[{"count":1,"href":"https:\/\/pedrovelho.rn.gov.br\/transparente\/index\/wp-json\/wp\/v2\/posts\/29125\/revisions"}],"predecessor-version":[{"id":29129,"href":"https:\/\/pedrovelho.rn.gov.br\/transparente\/index\/wp-json\/wp\/v2\/posts\/29125\/revisions\/29129"}],"wp:attachment":[{"href":"https:\/\/pedrovelho.rn.gov.br\/transparente\/index\/wp-json\/wp\/v2\/media?parent=29125"}],"wp:term":[{"taxonomy":"category","embeddable":true,"href":"https:\/\/pedrovelho.rn.gov.br\/transparente\/index\/wp-json\/wp\/v2\/categories?post=29125"},{"taxonomy":"post_tag","embeddable":true,"href":"https:\/\/pedrovelho.rn.gov.br\/transparente\/index\/wp-json\/wp\/v2\/tags?post=29125"}],"curies":[{"name":"wp","href":"https:\/\/api.w.org\/{rel}","templated":true}]}}