{"id":29405,"date":"2023-06-14T11:27:37","date_gmt":"2023-06-14T11:27:37","guid":{"rendered":"https:\/\/pedrovelho.rn.gov.br\/transparente\/index\/?p=29405"},"modified":"2025-07-04T15:22:23","modified_gmt":"2025-07-04T15:22:23","slug":"termo-de-ratificacao-dispensa-no-054-2023-republicado-por-incorrecao","status":"publish","type":"post","link":"https:\/\/pedrovelho.rn.gov.br\/transparente\/index\/termo-de-ratificacao-dispensa-no-054-2023-republicado-por-incorrecao\/","title":{"rendered":"TERMO DE RATIFICA\u00c7\u00c3O DISPENSA N\u00ba 054\/2023 *Republicado por incorre\u00e7\u00e3o"},"content":{"rendered":"<p style=\"text-align: center;\" data-raofz=\"14\"><strong>ESTADO DO RIO GRANDE DO NORTE<\/strong><br \/>\n<strong>PREFEITURA MUNICIPAL DE PEDRO VELHO<\/strong><\/p>\n<hr \/>\n<h5>TERMO DE RATIFICA\u00c7\u00c3O DISPENSA N\u00ba 054\/2023<\/h5>\n<p>Reconhecida a hip\u00f3teses de dispensa por parte da Comiss\u00e3o Permanente de Licita\u00e7\u00e3o e amparada em Parecer Jur\u00eddico favor\u00e1vel, RATIFICO a dispensa nos termos do caput do art. 24, II da Lei 8.666\/93 e suas altera\u00e7\u00f5es posteriores para a contrata\u00e7\u00e3o de<strong> PATR\u00cdCIA SOARES NASCIMENTO (ASSISTENTE SOCIAL) &#8211; <\/strong>inscrito no CPF N\u00ba\u00a0 <strong>916.325.284-87<\/strong>, <strong>MARCELO M\u00c1RCIO MARQUES PEREIRA (PSIC\u00d3LOGO)<\/strong> &#8211; inscrito no CPF N\u00ba\u00a0 <strong>690.273.824-68<\/strong>\u00a0 com objeto: Contrata\u00e7\u00e3o de profissionais (Assistente Social e Psic\u00f3logo), para entrevistas com os candidatos do processo seletivo Simplificado, para contrata\u00e7\u00e3o por tempo determinado para Agentes Comunit\u00e1rios de Sa\u00fade para atuar no \u00e2mbito do Munic\u00edpio de Pedro Velho\/RN, em conformidade com a Lei Municipal N\u00ba 651\/2023 c\/c, Portaria Ministerial N\u00ba 441 GM\/MS de 05 de abril de 2023 e inciso IX, do art. 37 da Constitui\u00e7\u00e3o Federal de 1988. Com valor de <strong>R$ 250,00 <\/strong><strong>(<\/strong><strong>Duzentos e cinquenta reais<\/strong><strong>)<\/strong>, para cada profissional, conforme os devidos fins, nos termos do Art. 26 da Lei N\u00ba 8.666\/93.<\/p>\n<p>&nbsp;<\/p>\n<p>Pedro Velho\/RN, 14 de junho de 2023.<\/p>\n<p>&nbsp;<\/p>\n<p>FRANCISCA EDNA DE LEMOS<\/p>\n<p>PREFEITA MUNICIPAL<\/p>\n<p>&nbsp;<\/p>\n<p><strong>*Republicado por incorre\u00e7\u00e3o<\/strong><\/p>\n<div class=\"pdfprnt-buttons pdfprnt-buttons-post pdfprnt-bottom-right\"><a href=\"https:\/\/pedrovelho.rn.gov.br\/transparente\/index\/wp-json\/wp\/v2\/posts\/29405?print=pdf\" class=\"pdfprnt-button pdfprnt-button-pdf\" target=\"_blank\"><img decoding=\"async\" src=\"https:\/\/pedrovelho.rn.gov.br\/transparente\/index\/wp-content\/plugins\/pdf-print\/images\/pdf.png\" alt=\"image_pdf\" title=\"Ver PDF\" \/><\/a><a href=\"https:\/\/pedrovelho.rn.gov.br\/transparente\/index\/wp-json\/wp\/v2\/posts\/29405?print=print\" class=\"pdfprnt-button pdfprnt-button-print\" target=\"_blank\"><img decoding=\"async\" src=\"https:\/\/pedrovelho.rn.gov.br\/transparente\/index\/wp-content\/plugins\/pdf-print\/images\/print.png\" alt=\"image_print\" title=\"Conte\u00fado de impress\u00e3o\" \/><\/a><\/div><div style=\"margin: 20px 0;\"><div class=\"qrcswholewtapper\" style=\"text-align:left;\"><div class=\"qrcprowrapper\"  id=\"qrcwraa2leds\"><div class=\"qrc_canvass\" id=\"qrc_cuttenpages_2\" style=\"display:inline-block\" data-text=\"https:\/\/pedrovelho.rn.gov.br\/transparente\/index\/termo-de-ratificacao-dispensa-no-054-2023-republicado-por-incorrecao\/\"><\/div><\/div><\/div><\/div>","protected":false},"excerpt":{"rendered":"<p>ESTADO DO RIO GRANDE DO NORTE PREFEITURA MUNICIPAL DE PEDRO VELHO TERMO DE RATIFICA\u00c7\u00c3O DISPENSA N\u00ba 054\/2023 Reconhecida a hip\u00f3teses de dispensa por parte da Comiss\u00e3o Permanente de Licita\u00e7\u00e3o e amparada em Parecer Jur\u00eddico favor\u00e1vel, RATIFICO a dispensa nos termos do caput do art. 24, II da Lei 8.666\/93 e suas altera\u00e7\u00f5es posteriores para a [&hellip;]<\/p>\n","protected":false},"author":1,"featured_media":0,"comment_status":"closed","ping_status":"closed","sticky":false,"template":"","format":"standard","meta":{"_et_pb_use_builder":"","_et_pb_old_content":"","_et_gb_content_width":"","footnotes":""},"categories":[110,289,65,123],"tags":[],"class_list":["post-29405","post","type-post","status-publish","format-standard","hentry","category-dispensa-de-licitacao","category-dispensa-de-licitacao-2023","category-licitacao","category-termo-de-ratificacao"],"_links":{"self":[{"href":"https:\/\/pedrovelho.rn.gov.br\/transparente\/index\/wp-json\/wp\/v2\/posts\/29405","targetHints":{"allow":["GET"]}}],"collection":[{"href":"https:\/\/pedrovelho.rn.gov.br\/transparente\/index\/wp-json\/wp\/v2\/posts"}],"about":[{"href":"https:\/\/pedrovelho.rn.gov.br\/transparente\/index\/wp-json\/wp\/v2\/types\/post"}],"author":[{"embeddable":true,"href":"https:\/\/pedrovelho.rn.gov.br\/transparente\/index\/wp-json\/wp\/v2\/users\/1"}],"replies":[{"embeddable":true,"href":"https:\/\/pedrovelho.rn.gov.br\/transparente\/index\/wp-json\/wp\/v2\/comments?post=29405"}],"version-history":[{"count":1,"href":"https:\/\/pedrovelho.rn.gov.br\/transparente\/index\/wp-json\/wp\/v2\/posts\/29405\/revisions"}],"predecessor-version":[{"id":29406,"href":"https:\/\/pedrovelho.rn.gov.br\/transparente\/index\/wp-json\/wp\/v2\/posts\/29405\/revisions\/29406"}],"wp:attachment":[{"href":"https:\/\/pedrovelho.rn.gov.br\/transparente\/index\/wp-json\/wp\/v2\/media?parent=29405"}],"wp:term":[{"taxonomy":"category","embeddable":true,"href":"https:\/\/pedrovelho.rn.gov.br\/transparente\/index\/wp-json\/wp\/v2\/categories?post=29405"},{"taxonomy":"post_tag","embeddable":true,"href":"https:\/\/pedrovelho.rn.gov.br\/transparente\/index\/wp-json\/wp\/v2\/tags?post=29405"}],"curies":[{"name":"wp","href":"https:\/\/api.w.org\/{rel}","templated":true}]}}