{"id":30842,"date":"2024-03-25T18:31:26","date_gmt":"2024-03-25T18:31:26","guid":{"rendered":"https:\/\/pedrovelho.rn.gov.br\/transparente\/index\/?p=30842"},"modified":"2024-03-25T18:31:26","modified_gmt":"2024-03-25T18:31:26","slug":"edital-de-convocacao-01-2024-processo-seletivo-simplificado-no-01-2024-2","status":"publish","type":"post","link":"https:\/\/pedrovelho.rn.gov.br\/transparente\/index\/edital-de-convocacao-01-2024-processo-seletivo-simplificado-no-01-2024-2\/","title":{"rendered":"EDITAL DE CONVOCA\u00c7\u00c3O 01\/2024 &#8211; PROCESSO SELETIVO SIMPLIFICADO N\u00ba 01\/2024"},"content":{"rendered":"<p style=\"text-align: center;\" data-raofz=\"14\"><strong>ESTADO DO RIO GRANDE DO NORTE<\/strong><br \/>\n<strong>PREFEITURA MUNICIPAL DE PEDRO VELHO<\/strong><\/p>\n<hr \/>\n<p><strong>EDITAL DE CONVOCA\u00c7\u00c3O 01\/2024.<\/strong><\/p>\n<p>&nbsp;<\/p>\n<p>PROCESSO SELETIVO SIMPLIFICADO N\u00ba 01\/2024<\/p>\n<p>&nbsp;<\/p>\n<p>O Secret\u00e1rio Municipal de Administra\u00e7\u00e3o do Munic\u00edpio de Pedro Velho-RN, convoca os candidatos abaixo relacionados, aprovados no Processo Seletivo Simplificado Edital n\u00ba 001\/2024, o qual dever\u00e1 se apresentar no setor de Recursos Humanos da Prefeitura Municipal de Pedro Velho-RN, situada \u00e0 Rua Jo\u00e3o Pessoa, 181, Centro, Pedro Velho-RN, no per\u00edodo de 15 \u00e0 21 (dias \u00fateis) das 08h \u00e0s 13hs, para apresenta\u00e7\u00e3o de documentos necess\u00e1rios a realiza\u00e7\u00e3o do ato de contrata\u00e7\u00e3o, originais e c\u00f3pias, conforme rela\u00e7\u00e3o apresentada no edital 01\/2024.<\/p>\n<p>&nbsp;<\/p>\n<p>CARGO: OFICINEIRO<\/p>\n<p>&nbsp;<\/p>\n<table>\n<tbody>\n<tr>\n<td width=\"288\">CANDIDATO<\/td>\n<td width=\"288\">CPF<\/td>\n<\/tr>\n<tr>\n<td width=\"288\">GENILSON DA SILVA LIMA<\/td>\n<td width=\"288\">093.XXX.XXX-70<\/td>\n<\/tr>\n<tr>\n<td width=\"288\">JEFFERSON DO NASCIMENTO SILVA<\/td>\n<td width=\"288\">706.XXX.XXX-12<\/td>\n<\/tr>\n<tr>\n<td width=\"288\">CARLOS VICTOR DA SILVA BARBOSA<\/td>\n<td width=\"288\">701.XXX.XXX-93<\/td>\n<\/tr>\n<\/tbody>\n<\/table>\n<p>&nbsp;<\/p>\n<p>CARGO: ASSISTENTE SOCIAL<\/p>\n<table>\n<tbody>\n<tr>\n<td width=\"288\">CANDIDATO<\/td>\n<td width=\"288\">CPF<\/td>\n<\/tr>\n<tr>\n<td width=\"288\">CARLA PATRICIA CONCEI\u00c7\u00c3O DO NASCIMENTO<\/td>\n<td width=\"288\">074.XXX.XXX-03<\/td>\n<\/tr>\n<\/tbody>\n<\/table>\n<p>&nbsp;<\/p>\n<p style=\"text-align: left;\" data-raofz=\"14\">\n<p><strong>\u00a0<\/strong><\/p>\n<div class=\"pdfprnt-buttons pdfprnt-buttons-post pdfprnt-bottom-right\"><a href=\"https:\/\/pedrovelho.rn.gov.br\/transparente\/index\/wp-json\/wp\/v2\/posts\/30842?print=pdf\" class=\"pdfprnt-button pdfprnt-button-pdf\" target=\"_blank\"><img decoding=\"async\" src=\"https:\/\/pedrovelho.rn.gov.br\/transparente\/index\/wp-content\/plugins\/pdf-print\/images\/pdf.png\" alt=\"image_pdf\" title=\"Ver PDF\" \/><\/a><a href=\"https:\/\/pedrovelho.rn.gov.br\/transparente\/index\/wp-json\/wp\/v2\/posts\/30842?print=print\" class=\"pdfprnt-button pdfprnt-button-print\" target=\"_blank\"><img decoding=\"async\" src=\"https:\/\/pedrovelho.rn.gov.br\/transparente\/index\/wp-content\/plugins\/pdf-print\/images\/print.png\" alt=\"image_print\" title=\"Conte\u00fado de impress\u00e3o\" \/><\/a><\/div><div style=\"margin: 20px 0;\"><div class=\"qrcswholewtapper\" style=\"text-align:left;\"><div class=\"qrcprowrapper\"  id=\"qrcwraa2leds\"><div class=\"qrc_canvass\" id=\"qrc_cuttenpages_2\" style=\"display:inline-block\" data-text=\"https:\/\/pedrovelho.rn.gov.br\/transparente\/index\/edital-de-convocacao-01-2024-processo-seletivo-simplificado-no-01-2024-2\/\"><\/div><\/div><\/div><\/div>","protected":false},"excerpt":{"rendered":"<p>ESTADO DO RIO GRANDE DO NORTE PREFEITURA MUNICIPAL DE PEDRO VELHO EDITAL DE CONVOCA\u00c7\u00c3O 01\/2024. &nbsp; PROCESSO SELETIVO SIMPLIFICADO N\u00ba 01\/2024 &nbsp; O Secret\u00e1rio Municipal de Administra\u00e7\u00e3o do Munic\u00edpio de Pedro Velho-RN, convoca os candidatos abaixo relacionados, aprovados no Processo Seletivo Simplificado Edital n\u00ba 001\/2024, o qual dever\u00e1 se apresentar no setor de Recursos Humanos [&hellip;]<\/p>\n","protected":false},"author":1,"featured_media":0,"comment_status":"closed","ping_status":"closed","sticky":false,"template":"","format":"standard","meta":{"_et_pb_use_builder":"","_et_pb_old_content":"","_et_gb_content_width":"","footnotes":""},"categories":[1],"tags":[],"class_list":["post-30842","post","type-post","status-publish","format-standard","hentry","category-uncategorized"],"_links":{"self":[{"href":"https:\/\/pedrovelho.rn.gov.br\/transparente\/index\/wp-json\/wp\/v2\/posts\/30842","targetHints":{"allow":["GET"]}}],"collection":[{"href":"https:\/\/pedrovelho.rn.gov.br\/transparente\/index\/wp-json\/wp\/v2\/posts"}],"about":[{"href":"https:\/\/pedrovelho.rn.gov.br\/transparente\/index\/wp-json\/wp\/v2\/types\/post"}],"author":[{"embeddable":true,"href":"https:\/\/pedrovelho.rn.gov.br\/transparente\/index\/wp-json\/wp\/v2\/users\/1"}],"replies":[{"embeddable":true,"href":"https:\/\/pedrovelho.rn.gov.br\/transparente\/index\/wp-json\/wp\/v2\/comments?post=30842"}],"version-history":[{"count":1,"href":"https:\/\/pedrovelho.rn.gov.br\/transparente\/index\/wp-json\/wp\/v2\/posts\/30842\/revisions"}],"predecessor-version":[{"id":30848,"href":"https:\/\/pedrovelho.rn.gov.br\/transparente\/index\/wp-json\/wp\/v2\/posts\/30842\/revisions\/30848"}],"wp:attachment":[{"href":"https:\/\/pedrovelho.rn.gov.br\/transparente\/index\/wp-json\/wp\/v2\/media?parent=30842"}],"wp:term":[{"taxonomy":"category","embeddable":true,"href":"https:\/\/pedrovelho.rn.gov.br\/transparente\/index\/wp-json\/wp\/v2\/categories?post=30842"},{"taxonomy":"post_tag","embeddable":true,"href":"https:\/\/pedrovelho.rn.gov.br\/transparente\/index\/wp-json\/wp\/v2\/tags?post=30842"}],"curies":[{"name":"wp","href":"https:\/\/api.w.org\/{rel}","templated":true}]}}