{"id":32852,"date":"2025-02-24T12:32:39","date_gmt":"2025-02-24T12:32:39","guid":{"rendered":"https:\/\/pedrovelho.rn.gov.br\/transparente\/index\/?p=32852"},"modified":"2025-03-04T12:35:33","modified_gmt":"2025-03-04T12:35:33","slug":"portaria-111-2025-gab-dispoe-sobre-a-concessao-de-02-duas-e-%c2%bd-meia-diarias-ao-sr-claudio-jose-da-silva-psicologo-do-cras-e-da-outras-providencias","status":"publish","type":"post","link":"https:\/\/pedrovelho.rn.gov.br\/transparente\/index\/portaria-111-2025-gab-dispoe-sobre-a-concessao-de-02-duas-e-%c2%bd-meia-diarias-ao-sr-claudio-jose-da-silva-psicologo-do-cras-e-da-outras-providencias\/","title":{"rendered":"PORTARIA 111\/2025 \u2013 GAB &#8211; Disp\u00f5e sobre a concess\u00e3o de 02 (duas) e \u00bd (meia) di\u00e1rias ao Sr. CLAUDIO JOS\u00c9 DA SILVA, Psic\u00f3logo do CRAS, e d\u00e1 outras provid\u00eancias."},"content":{"rendered":"<p style=\"text-align: center;\"><strong>ESTADO DO RIO GRANDE DO NORTE<\/strong><br \/>\n<strong>PREFEITURA MUNICIPAL DE PEDRO VELHO<\/strong><\/p>\n<hr \/>\n<p><strong>Pedro Velho\/RN, 24 de fevereiro de 2025<\/strong><\/p>\n<p><strong>\u00a0<\/strong><\/p>\n<p><strong>Disp\u00f5e sobre a concess\u00e3o de 02 (duas) e \u00bd (meia) di\u00e1rias ao Sr. CLAUDIO JOS\u00c9 DA SILVA, Psic\u00f3logo do CRAS, e d\u00e1 outras provid\u00eancias.<\/strong><\/p>\n<p>&nbsp;<\/p>\n<p>O Secret\u00e1rio Municipal de Administra\u00e7\u00e3o do munic\u00edpio de Pedro Velho\/RN, no exerc\u00edcio de suas atribui\u00e7\u00f5es legais, na melhor forma da Lei Org\u00e2nica do Munic\u00edpio e em atendimento a Portaria n\u00ba 111\/2025.<\/p>\n<p>&nbsp;<\/p>\n<p>Resolve:<\/p>\n<p>&nbsp;<\/p>\n<p>Art. 1\u00ba. Conceder ao Sr. CLAUDIO JOS\u00c9 DA SILVA, Psic\u00f3logo do CRAS, 02 (duas) e \u00bd (meia) di\u00e1rias, para custear despesas com hospedagem, alimenta\u00e7\u00e3o e locomo\u00e7\u00e3o, durante sua perman\u00eancia na cidade de Floresta\/PE, nos dias 24 a 26 de fevereiro de 2025, no intuito de acompanhar a fam\u00edlia ao retorno para casa, que se encontra em situa\u00e7\u00e3o de vulnerabilidade social, sem condi\u00e7\u00f5es de arcar com as despesas relacionadas ao traslado para sua cidade natal, Pedro Velho\/RN.<\/p>\n<p>&nbsp;<\/p>\n<p>Art.2\u00ba. Esta Portaria entra em vigor na data de sua publica\u00e7\u00e3o, revogadas as disposi\u00e7\u00f5es em contr\u00e1rio.<\/p>\n<p>&nbsp;<\/p>\n<p>REGISTRE-SE. PUBLIQUE-SE. CUMPRA-SE.<\/p>\n<p>&nbsp;<\/p>\n<p>&nbsp;<\/p>\n<p>Pedro Velho\/RN, 24 de fevereiro de 2025.<\/p>\n<p>&nbsp;<\/p>\n<p>&nbsp;<\/p>\n<p>&nbsp;<\/p>\n<p><strong>JOS\u00c9 GERLI DOS SANTOS DA SILVA<\/strong><\/p>\n<p>Secret\u00e1rio Municipal Administra\u00e7\u00e3o<\/p>\n<p>&nbsp;<\/p>\n<p>&nbsp;<\/p>\n<p><strong>Publicado por:\u00a0<\/strong>DOM<br \/>\n<strong>C\u00f3digo Identificador:<\/strong>\u00a0BJQCAWU70T<\/p>\n<div class=\"pdfprnt-buttons pdfprnt-buttons-post pdfprnt-bottom-right\"><a href=\"https:\/\/pedrovelho.rn.gov.br\/transparente\/index\/wp-json\/wp\/v2\/posts\/32852?print=pdf\" class=\"pdfprnt-button pdfprnt-button-pdf\" target=\"_blank\"><img decoding=\"async\" src=\"https:\/\/pedrovelho.rn.gov.br\/transparente\/index\/wp-content\/plugins\/pdf-print\/images\/pdf.png\" alt=\"image_pdf\" title=\"Ver PDF\" \/><\/a><a href=\"https:\/\/pedrovelho.rn.gov.br\/transparente\/index\/wp-json\/wp\/v2\/posts\/32852?print=print\" class=\"pdfprnt-button pdfprnt-button-print\" target=\"_blank\"><img decoding=\"async\" src=\"https:\/\/pedrovelho.rn.gov.br\/transparente\/index\/wp-content\/plugins\/pdf-print\/images\/print.png\" alt=\"image_print\" title=\"Conte\u00fado de impress\u00e3o\" \/><\/a><\/div><div style=\"margin: 20px 0;\"><div class=\"qrcswholewtapper\" style=\"text-align:left;\"><div class=\"qrcprowrapper\"  id=\"qrcwraa2leds\"><div class=\"qrc_canvass\" id=\"qrc_cuttenpages_2\" style=\"display:inline-block\" data-text=\"https:\/\/pedrovelho.rn.gov.br\/transparente\/index\/portaria-111-2025-gab-dispoe-sobre-a-concessao-de-02-duas-e-%c2%bd-meia-diarias-ao-sr-claudio-jose-da-silva-psicologo-do-cras-e-da-outras-providencias\/\"><\/div><\/div><\/div><\/div>","protected":false},"excerpt":{"rendered":"<p>ESTADO DO RIO GRANDE DO NORTE PREFEITURA MUNICIPAL DE PEDRO VELHO Pedro Velho\/RN, 24 de fevereiro de 2025 \u00a0 Disp\u00f5e sobre a concess\u00e3o de 02 (duas) e \u00bd (meia) di\u00e1rias ao Sr. CLAUDIO JOS\u00c9 DA SILVA, Psic\u00f3logo do CRAS, e d\u00e1 outras provid\u00eancias. &nbsp; O Secret\u00e1rio Municipal de Administra\u00e7\u00e3o do munic\u00edpio de Pedro Velho\/RN, no [&hellip;]<\/p>\n","protected":false},"author":1,"featured_media":0,"comment_status":"closed","ping_status":"closed","sticky":false,"template":"","format":"standard","meta":{"_et_pb_use_builder":"","_et_pb_old_content":"","_et_gb_content_width":"","footnotes":""},"categories":[75,76,276],"tags":[],"class_list":["post-32852","post","type-post","status-publish","format-standard","hentry","category-legislacao","category-portarias","category-portarias-municipais-2025"],"_links":{"self":[{"href":"https:\/\/pedrovelho.rn.gov.br\/transparente\/index\/wp-json\/wp\/v2\/posts\/32852","targetHints":{"allow":["GET"]}}],"collection":[{"href":"https:\/\/pedrovelho.rn.gov.br\/transparente\/index\/wp-json\/wp\/v2\/posts"}],"about":[{"href":"https:\/\/pedrovelho.rn.gov.br\/transparente\/index\/wp-json\/wp\/v2\/types\/post"}],"author":[{"embeddable":true,"href":"https:\/\/pedrovelho.rn.gov.br\/transparente\/index\/wp-json\/wp\/v2\/users\/1"}],"replies":[{"embeddable":true,"href":"https:\/\/pedrovelho.rn.gov.br\/transparente\/index\/wp-json\/wp\/v2\/comments?post=32852"}],"version-history":[{"count":1,"href":"https:\/\/pedrovelho.rn.gov.br\/transparente\/index\/wp-json\/wp\/v2\/posts\/32852\/revisions"}],"predecessor-version":[{"id":32853,"href":"https:\/\/pedrovelho.rn.gov.br\/transparente\/index\/wp-json\/wp\/v2\/posts\/32852\/revisions\/32853"}],"wp:attachment":[{"href":"https:\/\/pedrovelho.rn.gov.br\/transparente\/index\/wp-json\/wp\/v2\/media?parent=32852"}],"wp:term":[{"taxonomy":"category","embeddable":true,"href":"https:\/\/pedrovelho.rn.gov.br\/transparente\/index\/wp-json\/wp\/v2\/categories?post=32852"},{"taxonomy":"post_tag","embeddable":true,"href":"https:\/\/pedrovelho.rn.gov.br\/transparente\/index\/wp-json\/wp\/v2\/tags?post=32852"}],"curies":[{"name":"wp","href":"https:\/\/api.w.org\/{rel}","templated":true}]}}