{"id":33432,"date":"2025-06-13T18:17:05","date_gmt":"2025-06-13T18:17:05","guid":{"rendered":"https:\/\/pedrovelho.rn.gov.br\/transparente\/index\/?p=33432"},"modified":"2025-07-01T18:17:58","modified_gmt":"2025-07-01T18:17:58","slug":"portaria-no-223-2025-gab-dispoe-sobre-a-concessao-de-4-diarias-a-senhora-samadah-carolina-lima-bezerril-coordenadora-de-saude-bucal-e-da-outras-providencias","status":"publish","type":"post","link":"https:\/\/pedrovelho.rn.gov.br\/transparente\/index\/portaria-no-223-2025-gab-dispoe-sobre-a-concessao-de-4-diarias-a-senhora-samadah-carolina-lima-bezerril-coordenadora-de-saude-bucal-e-da-outras-providencias\/","title":{"rendered":"PORTARIA N\u00ba 223\/2025 \u2013 GAB &#8211; DISP\u00d5E SOBRE A CONCESS\u00c3O DE 4 DI\u00c1RIAS A SENHORA SAMADAH CAROLINA LIMA BEZERRIL, COORDENADORA DE SA\u00daDE BUCAL, E D\u00c1 OUTRAS PROVID\u00caNCIAS."},"content":{"rendered":"<p style=\"text-align: center;\"><strong>ESTADO DO RIO GRANDE DO NORTE<\/strong><br \/>\n<strong>PREFEITURA MUNICIPAL DE PEDRO VELHO<\/strong><\/p>\n<hr \/>\n<p>\u200b<strong>PEDRO VELHO\/RN, 13 DE JUNHO DE 2025<\/strong><\/p>\n<p><strong>\u00a0<\/strong><\/p>\n<p><strong>DISP\u00d5E SOBRE A CONCESS\u00c3O DE 4 DI\u00c1RIAS A SENHORA SAMADAH CAROLINA LIMA BEZERRIL, COORDENADORA DE SA\u00daDE BUCAL, E D\u00c1 OUTRAS PROVID\u00caNCIAS.<\/strong><\/p>\n<p>&nbsp;<\/p>\n<p>O Prefeito do Munic\u00edpio de Pedro Velho-RN no uso de suas atribui\u00e7\u00f5es constitucionais legais, na melhor forma da Lei Org\u00e2nica do Munic\u00edpio e em atendimento a Portaria n\u00ba 138\/2025.<\/p>\n<p>&nbsp;<\/p>\n<p><strong><u>RESOLVE:<\/u><\/strong><\/p>\n<p>&nbsp;<\/p>\n<p><strong>Art. 1\u00ba<\/strong>\u00a0Conceder a Sra. SAMADAH CAROLINA LIMA BEZERRIL, COORDENADORA DE SA\u00daDE BUCAL, 4 di\u00e1rias, para custear despesas com hospedagem, alimenta\u00e7\u00e3o e locomo\u00e7\u00e3o, durante sua perman\u00eancia na cidade de Belo Horizonte\/MG, nos dias 15 a 18 de junho de 2025, para participar do XXXVII Congresso do CONASEMS.<\/p>\n<p><strong>Art.2\u00ba<\/strong>\u00a0Esta Portaria entra em vigor na data de sua publica\u00e7\u00e3o, revogadas as disposi\u00e7\u00f5es em contr\u00e1rio.<\/p>\n<p>&nbsp;<\/p>\n<p><strong>REGISTRE-SE. PUBLIQUE-SE. CUMPRA-SE.<\/strong><\/p>\n<p>&nbsp;<\/p>\n<p>&nbsp;<\/p>\n<p>&nbsp;<\/p>\n<p><strong>PEDRO GOMES DA SILVA JUNIOR<\/strong><\/p>\n<p>Prefeito Municipal<\/p>\n<p>&nbsp;<\/p>\n<p>&nbsp;<\/p>\n<p><strong>Publicado por:\u00a0<\/strong>DOM<br \/>\n<strong>C\u00f3digo Identificador:<\/strong>\u00a0S5B63ZZTUD<\/p>\n<div class=\"pdfprnt-buttons pdfprnt-buttons-post pdfprnt-bottom-right\"><a href=\"https:\/\/pedrovelho.rn.gov.br\/transparente\/index\/wp-json\/wp\/v2\/posts\/33432?print=pdf\" class=\"pdfprnt-button pdfprnt-button-pdf\" target=\"_blank\"><img decoding=\"async\" src=\"https:\/\/pedrovelho.rn.gov.br\/transparente\/index\/wp-content\/plugins\/pdf-print\/images\/pdf.png\" alt=\"image_pdf\" title=\"Ver PDF\" \/><\/a><a href=\"https:\/\/pedrovelho.rn.gov.br\/transparente\/index\/wp-json\/wp\/v2\/posts\/33432?print=print\" class=\"pdfprnt-button pdfprnt-button-print\" target=\"_blank\"><img decoding=\"async\" src=\"https:\/\/pedrovelho.rn.gov.br\/transparente\/index\/wp-content\/plugins\/pdf-print\/images\/print.png\" alt=\"image_print\" title=\"Conte\u00fado de impress\u00e3o\" \/><\/a><\/div><div style=\"margin: 20px 0;\"><div class=\"qrcswholewtapper\" style=\"text-align:left;\"><div class=\"qrcprowrapper\"  id=\"qrcwraa2leds\"><div class=\"qrc_canvass\" id=\"qrc_cuttenpages_2\" style=\"display:inline-block\" data-text=\"https:\/\/pedrovelho.rn.gov.br\/transparente\/index\/portaria-no-223-2025-gab-dispoe-sobre-a-concessao-de-4-diarias-a-senhora-samadah-carolina-lima-bezerril-coordenadora-de-saude-bucal-e-da-outras-providencias\/\"><\/div><\/div><\/div><\/div>","protected":false},"excerpt":{"rendered":"<p>ESTADO DO RIO GRANDE DO NORTE PREFEITURA MUNICIPAL DE PEDRO VELHO \u200bPEDRO VELHO\/RN, 13 DE JUNHO DE 2025 \u00a0 DISP\u00d5E SOBRE A CONCESS\u00c3O DE 4 DI\u00c1RIAS A SENHORA SAMADAH CAROLINA LIMA BEZERRIL, COORDENADORA DE SA\u00daDE BUCAL, E D\u00c1 OUTRAS PROVID\u00caNCIAS. &nbsp; O Prefeito do Munic\u00edpio de Pedro Velho-RN no uso de suas atribui\u00e7\u00f5es constitucionais legais, [&hellip;]<\/p>\n","protected":false},"author":1,"featured_media":0,"comment_status":"closed","ping_status":"closed","sticky":false,"template":"","format":"standard","meta":{"_et_pb_use_builder":"","_et_pb_old_content":"","_et_gb_content_width":"","footnotes":""},"categories":[75,76,276],"tags":[],"class_list":["post-33432","post","type-post","status-publish","format-standard","hentry","category-legislacao","category-portarias","category-portarias-municipais-2025"],"_links":{"self":[{"href":"https:\/\/pedrovelho.rn.gov.br\/transparente\/index\/wp-json\/wp\/v2\/posts\/33432","targetHints":{"allow":["GET"]}}],"collection":[{"href":"https:\/\/pedrovelho.rn.gov.br\/transparente\/index\/wp-json\/wp\/v2\/posts"}],"about":[{"href":"https:\/\/pedrovelho.rn.gov.br\/transparente\/index\/wp-json\/wp\/v2\/types\/post"}],"author":[{"embeddable":true,"href":"https:\/\/pedrovelho.rn.gov.br\/transparente\/index\/wp-json\/wp\/v2\/users\/1"}],"replies":[{"embeddable":true,"href":"https:\/\/pedrovelho.rn.gov.br\/transparente\/index\/wp-json\/wp\/v2\/comments?post=33432"}],"version-history":[{"count":1,"href":"https:\/\/pedrovelho.rn.gov.br\/transparente\/index\/wp-json\/wp\/v2\/posts\/33432\/revisions"}],"predecessor-version":[{"id":33433,"href":"https:\/\/pedrovelho.rn.gov.br\/transparente\/index\/wp-json\/wp\/v2\/posts\/33432\/revisions\/33433"}],"wp:attachment":[{"href":"https:\/\/pedrovelho.rn.gov.br\/transparente\/index\/wp-json\/wp\/v2\/media?parent=33432"}],"wp:term":[{"taxonomy":"category","embeddable":true,"href":"https:\/\/pedrovelho.rn.gov.br\/transparente\/index\/wp-json\/wp\/v2\/categories?post=33432"},{"taxonomy":"post_tag","embeddable":true,"href":"https:\/\/pedrovelho.rn.gov.br\/transparente\/index\/wp-json\/wp\/v2\/tags?post=33432"}],"curies":[{"name":"wp","href":"https:\/\/api.w.org\/{rel}","templated":true}]}}