{"id":9363,"date":"2020-09-09T17:41:55","date_gmt":"2020-09-09T17:41:55","guid":{"rendered":"https:\/\/pedrovelho.rn.gov.br\/transparente\/index\/?p=9363"},"modified":"2025-07-04T16:10:04","modified_gmt":"2025-07-04T16:10:04","slug":"ratificado-por-incorrecao-termo-de-dispensa-de-licitacao-dispensa-de-licitacao-no-109-2020","status":"publish","type":"post","link":"https:\/\/pedrovelho.rn.gov.br\/transparente\/index\/ratificado-por-incorrecao-termo-de-dispensa-de-licitacao-dispensa-de-licitacao-no-109-2020\/","title":{"rendered":"RATIFICADO POR INCORRE\u00c7\u00c3O &#8211; TERMO DE DISPENSA DE LICITA\u00c7\u00c3O\/DISPENSA DE LICITA\u00c7\u00c3O N\u00ba 109\/2020"},"content":{"rendered":"<p style=\"text-align: center;\"><strong>ESTADO DO RIO GRANDE DO NORTE<br \/>\nPREFEITURA MUNICIPAL DE PEDRO VELHO<\/strong><\/p>\n<hr \/>\n<p><strong>RATIFICADO POR INCORRE\u00c7\u00c3O<\/strong><\/p>\n<p><strong>TERMO DE DISPENSA DE LICITA\u00c7\u00c3O <\/strong><\/p>\n<p><strong>DISPENSA DE LICITA\u00c7\u00c3O N\u00ba 109\/2020<\/strong><\/p>\n<p>A Prefeita Municipal de Pedro Velho\/RN, no uso das atribui\u00e7\u00f5es legais, tendo em vista que o procedimento em ep\u00edgrafe, conduzido pela Comiss\u00e3o Permanente de Licita\u00e7\u00e3o desta edilidade, transcorreu dentro dos par\u00e2metros da legalidade, impessoalidade, moralidade e publicidade dos atos administrativos, tendo sido observado o procedimento legal aplic\u00e1vel \u00e0 esp\u00e9cie, conforme determina a Lei Federal n\u00ba 8.666\/93, sendo a hip\u00f3tese de <strong>DISPENSA DE LICITA\u00c7\u00c3O<\/strong> com base no Art. 24, Inciso II, como consta no parecer jur\u00eddico acostado aos autos, determina a contrata\u00e7\u00e3o dos servi\u00e7os junto a Empresa <strong>AGILE COM\u00c9RCIO DE M\u00d3VEIS E EQUIPAMENTOS EIRELI-ME<\/strong>, inscrito no CNPJ: 06.257.332\/0001-32, sediada na Rua Joaquim Fagundes\/672\/1\u00ba andar\/ sl. 01, Tirol, Natal-RN, CEP: 59.022-500, com valor total de <strong>R$ 14.640,00 (QUATORZE MIL SEISCENTOS E QUARENTA REAIS), <\/strong>referente a aquisi\u00e7\u00e3o de kits gestante em atendimento as necessidades do grupo de gestante realizado no centro de refer\u00eancia de Assist\u00eancia Social -CRAS executado atrav\u00e9s do fundo de assist\u00eancia social- FMAS do munic\u00edpio de Pedro velho\/RN, destinados a Secretaria Municipal de Trabalho e A\u00e7\u00e3o Social deste munic\u00edpio de Pedro Velho\/RN.<\/p>\n<p>Publique-se o extrato da presente despesa por DISPENSA DE LICITA\u00c7\u00c3O, com vistas ao conhecimento geral.<\/p>\n<p>&nbsp;<\/p>\n<p>Pedro Velho\/RN, 09 de setembro de 2020.<\/p>\n<p>&nbsp;<\/p>\n<p>DEJERLANE MACEDO<\/p>\n<p>&#8211; Prefeita Municipal &#8211;<\/p>\n<div class=\"pdfprnt-buttons pdfprnt-buttons-post pdfprnt-bottom-right\"><a href=\"https:\/\/pedrovelho.rn.gov.br\/transparente\/index\/wp-json\/wp\/v2\/posts\/9363?print=pdf\" class=\"pdfprnt-button pdfprnt-button-pdf\" target=\"_blank\"><img decoding=\"async\" src=\"https:\/\/pedrovelho.rn.gov.br\/transparente\/index\/wp-content\/plugins\/pdf-print\/images\/pdf.png\" alt=\"image_pdf\" title=\"Ver PDF\" \/><\/a><a href=\"https:\/\/pedrovelho.rn.gov.br\/transparente\/index\/wp-json\/wp\/v2\/posts\/9363?print=print\" class=\"pdfprnt-button pdfprnt-button-print\" target=\"_blank\"><img decoding=\"async\" src=\"https:\/\/pedrovelho.rn.gov.br\/transparente\/index\/wp-content\/plugins\/pdf-print\/images\/print.png\" alt=\"image_print\" title=\"Conte\u00fado de impress\u00e3o\" \/><\/a><\/div><div style=\"margin: 20px 0;\"><div class=\"qrcswholewtapper\" style=\"text-align:left;\"><div class=\"qrcprowrapper\"  id=\"qrcwraa2leds\"><div class=\"qrc_canvass\" id=\"qrc_cuttenpages_2\" style=\"display:inline-block\" data-text=\"https:\/\/pedrovelho.rn.gov.br\/transparente\/index\/ratificado-por-incorrecao-termo-de-dispensa-de-licitacao-dispensa-de-licitacao-no-109-2020\/\"><\/div><\/div><\/div><\/div>","protected":false},"excerpt":{"rendered":"<p>ESTADO DO RIO GRANDE DO NORTE PREFEITURA MUNICIPAL DE PEDRO VELHO RATIFICADO POR INCORRE\u00c7\u00c3O TERMO DE DISPENSA DE LICITA\u00c7\u00c3O DISPENSA DE LICITA\u00c7\u00c3O N\u00ba 109\/2020 A Prefeita Municipal de Pedro Velho\/RN, no uso das atribui\u00e7\u00f5es legais, tendo em vista que o procedimento em ep\u00edgrafe, conduzido pela Comiss\u00e3o Permanente de Licita\u00e7\u00e3o desta edilidade, transcorreu dentro dos par\u00e2metros [&hellip;]<\/p>\n","protected":false},"author":1,"featured_media":0,"comment_status":"closed","ping_status":"closed","sticky":false,"template":"","format":"standard","meta":{"_et_pb_use_builder":"","_et_pb_old_content":"","_et_gb_content_width":"","footnotes":""},"categories":[110,292,65],"tags":[],"class_list":["post-9363","post","type-post","status-publish","format-standard","hentry","category-dispensa-de-licitacao","category-dispensa-de-licitacao-2020","category-licitacao"],"_links":{"self":[{"href":"https:\/\/pedrovelho.rn.gov.br\/transparente\/index\/wp-json\/wp\/v2\/posts\/9363","targetHints":{"allow":["GET"]}}],"collection":[{"href":"https:\/\/pedrovelho.rn.gov.br\/transparente\/index\/wp-json\/wp\/v2\/posts"}],"about":[{"href":"https:\/\/pedrovelho.rn.gov.br\/transparente\/index\/wp-json\/wp\/v2\/types\/post"}],"author":[{"embeddable":true,"href":"https:\/\/pedrovelho.rn.gov.br\/transparente\/index\/wp-json\/wp\/v2\/users\/1"}],"replies":[{"embeddable":true,"href":"https:\/\/pedrovelho.rn.gov.br\/transparente\/index\/wp-json\/wp\/v2\/comments?post=9363"}],"version-history":[{"count":1,"href":"https:\/\/pedrovelho.rn.gov.br\/transparente\/index\/wp-json\/wp\/v2\/posts\/9363\/revisions"}],"predecessor-version":[{"id":9364,"href":"https:\/\/pedrovelho.rn.gov.br\/transparente\/index\/wp-json\/wp\/v2\/posts\/9363\/revisions\/9364"}],"wp:attachment":[{"href":"https:\/\/pedrovelho.rn.gov.br\/transparente\/index\/wp-json\/wp\/v2\/media?parent=9363"}],"wp:term":[{"taxonomy":"category","embeddable":true,"href":"https:\/\/pedrovelho.rn.gov.br\/transparente\/index\/wp-json\/wp\/v2\/categories?post=9363"},{"taxonomy":"post_tag","embeddable":true,"href":"https:\/\/pedrovelho.rn.gov.br\/transparente\/index\/wp-json\/wp\/v2\/tags?post=9363"}],"curies":[{"name":"wp","href":"https:\/\/api.w.org\/{rel}","templated":true}]}}